{"id":1970,"date":"2018-11-09T14:59:31","date_gmt":"2018-11-09T17:59:31","guid":{"rendered":"http:\/\/vientosur.unla.edu.ar\/?p=1970"},"modified":"2018-11-09T15:04:55","modified_gmt":"2018-11-09T18:04:55","slug":"cres-2018","status":"publish","type":"post","link":"https:\/\/vientosur.unla.edu.ar\/index.php\/cres-2018\/","title":{"rendered":"CRES 2018"},"content":{"rendered":"<p>En el marco de la III Conferencia Regional de Educaci\u00f3n Superior &#8211; CRES 2018 \u2013llevada a cabo del 10 al 15 de junio en la Universidad Nacional de C\u00f3rdoba-, la Comisi\u00f3n Asesora de Discapacidad de la Universidad Nacional de Lan\u00fas fue protagonista en representaci\u00f3n de la Red Interuniversitaria Latinoamericana y del Caribe sobre Discapacidad y \u00a0Derechos Humanos y la Red Interuniversitaria de Discapacidad del Consejo Interuniversitario Nacional, presentando a la organizaci\u00f3n general de la CRES, una declaraci\u00f3n que ser\u00e1 incorporada a los anexos de la declaraci\u00f3n final de dicha Conferencia que se realiza cada 10 a\u00f1os.<br \/>\nSe pudo intervenir para modificar la nominaci\u00f3n de \u00abcapacidades diferentes\u00bb y\/o \u00abcapacidades especiales\u00bb a que se hac\u00eda referencia en varios ejes y en la declaraci\u00f3n final de la CRES, por \u00abpersona con discapacidad\u00bb. Esto demuestra la gran deuda del sistema universitario latinoamericano en este campo.<\/p>\n<p>Transcribimos algunos fragmentos del texto del documento realizado por 15 pa\u00edses y la Red Latinoamericana.<\/p>\n<p>\u201c(\u2026) El reconocimiento de la carga hist\u00f3rica de desventaja educativa que han experimentado las poblaciones con discapacidad en nuestros pa\u00edses, es el asunto de base para concretar o fortalecer las respuestas institucionales que lleven otorgarles el lugar merecido para que sus aportes como profesionales e investigadores contribuyan en la producci\u00f3n de conocimiento y en el desarrollo de sus colectivos y de las sociedades. Sin restar importancia a la responsabilidad asumida por muchas Universidades desde sus instancias de \u2018bienestar estudiantil\u2019, la formaci\u00f3n plena y pertinente de profesionales con discapacidad es una cuesti\u00f3n, igualmente, transversal, a toda la estructura organizativa de las instituciones de educaci\u00f3n superior; se requiere, por tanto informaci\u00f3n actualizada y permanente sobre los estudiantes con discapacidad de tal forma que sus condiciones de formaci\u00f3n sean indicadores de calidad educativa, de flexibilidad curricular y de formaci\u00f3n centrada en el estudiante. Adem\u00e1s, esta mirada implica generar, fortalecer y sostener la constituci\u00f3n de condiciones de formaci\u00f3n como una acci\u00f3n articulada al pensamiento universitario que destaca el valor y aporte de las personas con discapacidad como parte de la diversidad humana. En consecuencia, se debe definir el lugar transversal de la discapacidad, detectando los obst\u00e1culos y barreras que impiden el pleno ejercicio de los derechos por parte de este colectivo en los diversos \u00e1mbitos de su vida\u201d.<\/p>\n<p>\u201c(\u2026) Las Universidades de nuestros pa\u00edses requieren de pol\u00edticas gubernamentales e institucionales que garanticen recursos y que releven y posicionen la perspectiva de derechos de las personas con discapacidad, en donde es esencial eliminar las barreras no solo en el acceso a las instituciones, haci\u00e9ndose urgente abordar las barreras actitudinales presentes en todos los integrantes de las comunidades universitarias. Para ello se hace esencial dejar atr\u00e1s el modelo biom\u00e9dico imperante y hacer vida el modelo social de la discapacidad. Las universidades de Nuestra Am\u00e9rica requieren transitar de la inclusi\u00f3n como discurso a la inclusi\u00f3n como pr\u00e1cticas, pol\u00edticas y cultura y para ello es esencial la garant\u00eda de participaci\u00f3n plena al interior de las instituciones de todos sus integrantes y en ese todos, las personas con discapacidad no pueden seguir estando fuera\u201d.<\/p>\n<p>&nbsp;<\/p>\n<p>&nbsp;<\/p>\n","protected":false},"excerpt":{"rendered":"<p>En el marco de la III Conferencia Regional de Educaci\u00f3n Superior &#8211; CRES 2018 \u2013llevada a cabo del 10 al 15 de junio en la Universidad Nacional de C\u00f3rdoba-, la Comisi\u00f3n Asesora de Discapacidad de la Universidad Nacional de Lan\u00fas fue protagonista en representaci\u00f3n de la Red Interuniversitaria Latinoamericana y del Caribe sobre Discapacidad y [&hellip;]<\/p>\n","protected":false},"author":3,"featured_media":1971,"comment_status":"open","ping_status":"closed","sticky":false,"template":"","format":"standard","meta":{"_monsterinsights_skip_tracking":false,"footnotes":""},"categories":[6,187],"tags":[],"coauthors":[29],"class_list":["post-1970","post","type-post","status-publish","format-standard","has-post-thumbnail","category-derechos-humanos","category-numero-18"],"yoast_head":"<!-- This site is optimized with the Yoast SEO plugin v28.2 - https:\/\/yoast.com\/product\/yoast-seo-wordpress\/ -->\n<title>CRES 2018 - Viento Sur<\/title>\n<meta name=\"robots\" content=\"index, follow, max-snippet:-1, max-image-preview:large, max-video-preview:-1\" \/>\n<link rel=\"canonical\" href=\"https:\/\/vientosur.unla.edu.ar\/index.php\/cres-2018\/\" \/>\n<meta property=\"og:locale\" content=\"es_ES\" \/>\n<meta property=\"og:type\" content=\"article\" \/>\n<meta property=\"og:title\" content=\"CRES 2018 - Viento Sur\" \/>\n<meta property=\"og:description\" content=\"En el marco de la III Conferencia Regional de Educaci\u00f3n Superior &#8211; CRES 2018 \u2013llevada a cabo del 10 al 15 de junio en la Universidad Nacional de C\u00f3rdoba-, la Comisi\u00f3n Asesora de Discapacidad de la Universidad Nacional de Lan\u00fas fue protagonista en representaci\u00f3n de la Red Interuniversitaria Latinoamericana y del Caribe sobre Discapacidad y [&hellip;]\" \/>\n<meta property=\"og:url\" content=\"https:\/\/vientosur.unla.edu.ar\/index.php\/cres-2018\/\" \/>\n<meta property=\"og:site_name\" content=\"Viento Sur\" \/>\n<meta property=\"article:published_time\" content=\"2018-11-09T17:59:31+00:00\" \/>\n<meta property=\"article:modified_time\" content=\"2018-11-09T18:04:55+00:00\" \/>\n<meta property=\"og:image\" content=\"https:\/\/vientosur.unla.edu.ar\/wp-content\/uploads\/2018\/11\/Screen-Shot-2018-07-11-at-15.08.49.png\" \/>\n\t<meta property=\"og:image:width\" content=\"858\" \/>\n\t<meta property=\"og:image:height\" content=\"395\" \/>\n\t<meta property=\"og:image:type\" content=\"image\/png\" \/>\n<meta name=\"author\" content=\"Viento Sur\" \/>\n<meta name=\"twitter:card\" content=\"summary_large_image\" \/>\n<meta name=\"twitter:label1\" content=\"Escrito por\" \/>\n\t<meta name=\"twitter:data1\" content=\"Viento Sur\" \/>\n\t<meta name=\"twitter:label2\" content=\"Tiempo de lectura\" \/>\n\t<meta name=\"twitter:data2\" content=\"3 minutos\" \/>\n\t<meta name=\"twitter:label3\" content=\"Written by\" \/>\n\t<meta name=\"twitter:data3\" content=\"Viento Sur\" \/>\n<script type=\"application\/ld+json\" class=\"yoast-schema-graph\">{\"@context\":\"https:\\\/\\\/schema.org\",\"@graph\":[{\"@type\":\"Article\",\"@id\":\"https:\\\/\\\/vientosur.unla.edu.ar\\\/index.php\\\/cres-2018\\\/#article\",\"isPartOf\":{\"@id\":\"https:\\\/\\\/vientosur.unla.edu.ar\\\/index.php\\\/cres-2018\\\/\"},\"author\":{\"name\":\"Viento Sur\",\"@id\":\"https:\\\/\\\/vientosur.unla.edu.ar\\\/#\\\/schema\\\/person\\\/ac10c9665e7a647683017bc331817e5a\"},\"headline\":\"CRES 2018\",\"datePublished\":\"2018-11-09T17:59:31+00:00\",\"dateModified\":\"2018-11-09T18:04:55+00:00\",\"mainEntityOfPage\":{\"@id\":\"https:\\\/\\\/vientosur.unla.edu.ar\\\/index.php\\\/cres-2018\\\/\"},\"wordCount\":537,\"commentCount\":0,\"image\":{\"@id\":\"https:\\\/\\\/vientosur.unla.edu.ar\\\/index.php\\\/cres-2018\\\/#primaryimage\"},\"thumbnailUrl\":\"https:\\\/\\\/vientosur.unla.edu.ar\\\/wp-content\\\/uploads\\\/2018\\\/11\\\/Screen-Shot-2018-07-11-at-15.08.49.png\",\"articleSection\":[\"Derechos Humanos\",\"N\u00famero 18\"],\"inLanguage\":\"es\",\"potentialAction\":[{\"@type\":\"CommentAction\",\"name\":\"Comment\",\"target\":[\"https:\\\/\\\/vientosur.unla.edu.ar\\\/index.php\\\/cres-2018\\\/#respond\"]}]},{\"@type\":\"WebPage\",\"@id\":\"https:\\\/\\\/vientosur.unla.edu.ar\\\/index.php\\\/cres-2018\\\/\",\"url\":\"https:\\\/\\\/vientosur.unla.edu.ar\\\/index.php\\\/cres-2018\\\/\",\"name\":\"CRES 2018 - Viento Sur\",\"isPartOf\":{\"@id\":\"https:\\\/\\\/vientosur.unla.edu.ar\\\/#website\"},\"primaryImageOfPage\":{\"@id\":\"https:\\\/\\\/vientosur.unla.edu.ar\\\/index.php\\\/cres-2018\\\/#primaryimage\"},\"image\":{\"@id\":\"https:\\\/\\\/vientosur.unla.edu.ar\\\/index.php\\\/cres-2018\\\/#primaryimage\"},\"thumbnailUrl\":\"https:\\\/\\\/vientosur.unla.edu.ar\\\/wp-content\\\/uploads\\\/2018\\\/11\\\/Screen-Shot-2018-07-11-at-15.08.49.png\",\"datePublished\":\"2018-11-09T17:59:31+00:00\",\"dateModified\":\"2018-11-09T18:04:55+00:00\",\"author\":{\"@id\":\"https:\\\/\\\/vientosur.unla.edu.ar\\\/#\\\/schema\\\/person\\\/ac10c9665e7a647683017bc331817e5a\"},\"breadcrumb\":{\"@id\":\"https:\\\/\\\/vientosur.unla.edu.ar\\\/index.php\\\/cres-2018\\\/#breadcrumb\"},\"inLanguage\":\"es\",\"potentialAction\":[{\"@type\":\"ReadAction\",\"target\":[\"https:\\\/\\\/vientosur.unla.edu.ar\\\/index.php\\\/cres-2018\\\/\"]}]},{\"@type\":\"ImageObject\",\"inLanguage\":\"es\",\"@id\":\"https:\\\/\\\/vientosur.unla.edu.ar\\\/index.php\\\/cres-2018\\\/#primaryimage\",\"url\":\"https:\\\/\\\/vientosur.unla.edu.ar\\\/wp-content\\\/uploads\\\/2018\\\/11\\\/Screen-Shot-2018-07-11-at-15.08.49.png\",\"contentUrl\":\"https:\\\/\\\/vientosur.unla.edu.ar\\\/wp-content\\\/uploads\\\/2018\\\/11\\\/Screen-Shot-2018-07-11-at-15.08.49.png\",\"width\":858,\"height\":395},{\"@type\":\"BreadcrumbList\",\"@id\":\"https:\\\/\\\/vientosur.unla.edu.ar\\\/index.php\\\/cres-2018\\\/#breadcrumb\",\"itemListElement\":[{\"@type\":\"ListItem\",\"position\":1,\"name\":\"Portada\",\"item\":\"https:\\\/\\\/vientosur.unla.edu.ar\\\/\"},{\"@type\":\"ListItem\",\"position\":2,\"name\":\"CRES 2018\"}]},{\"@type\":\"WebSite\",\"@id\":\"https:\\\/\\\/vientosur.unla.edu.ar\\\/#website\",\"url\":\"https:\\\/\\\/vientosur.unla.edu.ar\\\/\",\"name\":\"Viento Sur\",\"description\":\"Revista institucional de la Universidad Nacional de Lan\u00fas\",\"potentialAction\":[{\"@type\":\"SearchAction\",\"target\":{\"@type\":\"EntryPoint\",\"urlTemplate\":\"https:\\\/\\\/vientosur.unla.edu.ar\\\/?s={search_term_string}\"},\"query-input\":{\"@type\":\"PropertyValueSpecification\",\"valueRequired\":true,\"valueName\":\"search_term_string\"}}],\"inLanguage\":\"es\"},{\"@type\":\"Person\",\"@id\":\"https:\\\/\\\/vientosur.unla.edu.ar\\\/#\\\/schema\\\/person\\\/ac10c9665e7a647683017bc331817e5a\",\"name\":\"Viento Sur\",\"description\":\"Revista institucional de la Universidad Nacional de Lan\u00fas.\",\"sameAs\":[\"http:\\\/\\\/vientosur.unla.edu.ar\"],\"url\":\"https:\\\/\\\/vientosur.unla.edu.ar\\\/index.php\\\/author\\\/viento-sur\\\/\"}]}<\/script>\n<!-- \/ Yoast SEO plugin. -->","yoast_head_json":{"title":"CRES 2018 - Viento Sur","robots":{"index":"index","follow":"follow","max-snippet":"max-snippet:-1","max-image-preview":"max-image-preview:large","max-video-preview":"max-video-preview:-1"},"canonical":"https:\/\/vientosur.unla.edu.ar\/index.php\/cres-2018\/","og_locale":"es_ES","og_type":"article","og_title":"CRES 2018 - Viento Sur","og_description":"En el marco de la III Conferencia Regional de Educaci\u00f3n Superior &#8211; CRES 2018 \u2013llevada a cabo del 10 al 15 de junio en la Universidad Nacional de C\u00f3rdoba-, la Comisi\u00f3n Asesora de Discapacidad de la Universidad Nacional de Lan\u00fas fue protagonista en representaci\u00f3n de la Red Interuniversitaria Latinoamericana y del Caribe sobre Discapacidad y [&hellip;]","og_url":"https:\/\/vientosur.unla.edu.ar\/index.php\/cres-2018\/","og_site_name":"Viento Sur","article_published_time":"2018-11-09T17:59:31+00:00","article_modified_time":"2018-11-09T18:04:55+00:00","og_image":[{"width":858,"height":395,"url":"https:\/\/vientosur.unla.edu.ar\/wp-content\/uploads\/2018\/11\/Screen-Shot-2018-07-11-at-15.08.49.png","type":"image\/png"}],"author":"Viento Sur","twitter_card":"summary_large_image","twitter_misc":{"Escrito por":"Viento Sur","Tiempo de lectura":"3 minutos","Written by":"Viento Sur"},"schema":{"@context":"https:\/\/schema.org","@graph":[{"@type":"Article","@id":"https:\/\/vientosur.unla.edu.ar\/index.php\/cres-2018\/#article","isPartOf":{"@id":"https:\/\/vientosur.unla.edu.ar\/index.php\/cres-2018\/"},"author":{"name":"Viento Sur","@id":"https:\/\/vientosur.unla.edu.ar\/#\/schema\/person\/ac10c9665e7a647683017bc331817e5a"},"headline":"CRES 2018","datePublished":"2018-11-09T17:59:31+00:00","dateModified":"2018-11-09T18:04:55+00:00","mainEntityOfPage":{"@id":"https:\/\/vientosur.unla.edu.ar\/index.php\/cres-2018\/"},"wordCount":537,"commentCount":0,"image":{"@id":"https:\/\/vientosur.unla.edu.ar\/index.php\/cres-2018\/#primaryimage"},"thumbnailUrl":"https:\/\/vientosur.unla.edu.ar\/wp-content\/uploads\/2018\/11\/Screen-Shot-2018-07-11-at-15.08.49.png","articleSection":["Derechos Humanos","N\u00famero 18"],"inLanguage":"es","potentialAction":[{"@type":"CommentAction","name":"Comment","target":["https:\/\/vientosur.unla.edu.ar\/index.php\/cres-2018\/#respond"]}]},{"@type":"WebPage","@id":"https:\/\/vientosur.unla.edu.ar\/index.php\/cres-2018\/","url":"https:\/\/vientosur.unla.edu.ar\/index.php\/cres-2018\/","name":"CRES 2018 - Viento Sur","isPartOf":{"@id":"https:\/\/vientosur.unla.edu.ar\/#website"},"primaryImageOfPage":{"@id":"https:\/\/vientosur.unla.edu.ar\/index.php\/cres-2018\/#primaryimage"},"image":{"@id":"https:\/\/vientosur.unla.edu.ar\/index.php\/cres-2018\/#primaryimage"},"thumbnailUrl":"https:\/\/vientosur.unla.edu.ar\/wp-content\/uploads\/2018\/11\/Screen-Shot-2018-07-11-at-15.08.49.png","datePublished":"2018-11-09T17:59:31+00:00","dateModified":"2018-11-09T18:04:55+00:00","author":{"@id":"https:\/\/vientosur.unla.edu.ar\/#\/schema\/person\/ac10c9665e7a647683017bc331817e5a"},"breadcrumb":{"@id":"https:\/\/vientosur.unla.edu.ar\/index.php\/cres-2018\/#breadcrumb"},"inLanguage":"es","potentialAction":[{"@type":"ReadAction","target":["https:\/\/vientosur.unla.edu.ar\/index.php\/cres-2018\/"]}]},{"@type":"ImageObject","inLanguage":"es","@id":"https:\/\/vientosur.unla.edu.ar\/index.php\/cres-2018\/#primaryimage","url":"https:\/\/vientosur.unla.edu.ar\/wp-content\/uploads\/2018\/11\/Screen-Shot-2018-07-11-at-15.08.49.png","contentUrl":"https:\/\/vientosur.unla.edu.ar\/wp-content\/uploads\/2018\/11\/Screen-Shot-2018-07-11-at-15.08.49.png","width":858,"height":395},{"@type":"BreadcrumbList","@id":"https:\/\/vientosur.unla.edu.ar\/index.php\/cres-2018\/#breadcrumb","itemListElement":[{"@type":"ListItem","position":1,"name":"Portada","item":"https:\/\/vientosur.unla.edu.ar\/"},{"@type":"ListItem","position":2,"name":"CRES 2018"}]},{"@type":"WebSite","@id":"https:\/\/vientosur.unla.edu.ar\/#website","url":"https:\/\/vientosur.unla.edu.ar\/","name":"Viento Sur","description":"Revista institucional de la Universidad Nacional de Lan\u00fas","potentialAction":[{"@type":"SearchAction","target":{"@type":"EntryPoint","urlTemplate":"https:\/\/vientosur.unla.edu.ar\/?s={search_term_string}"},"query-input":{"@type":"PropertyValueSpecification","valueRequired":true,"valueName":"search_term_string"}}],"inLanguage":"es"},{"@type":"Person","@id":"https:\/\/vientosur.unla.edu.ar\/#\/schema\/person\/ac10c9665e7a647683017bc331817e5a","name":"Viento Sur","description":"Revista institucional de la Universidad Nacional de Lan\u00fas.","sameAs":["http:\/\/vientosur.unla.edu.ar"],"url":"https:\/\/vientosur.unla.edu.ar\/index.php\/author\/viento-sur\/"}]}},"_links":{"self":[{"href":"https:\/\/vientosur.unla.edu.ar\/index.php\/wp-json\/wp\/v2\/posts\/1970","targetHints":{"allow":["GET"]}}],"collection":[{"href":"https:\/\/vientosur.unla.edu.ar\/index.php\/wp-json\/wp\/v2\/posts"}],"about":[{"href":"https:\/\/vientosur.unla.edu.ar\/index.php\/wp-json\/wp\/v2\/types\/post"}],"author":[{"embeddable":true,"href":"https:\/\/vientosur.unla.edu.ar\/index.php\/wp-json\/wp\/v2\/users\/3"}],"replies":[{"embeddable":true,"href":"https:\/\/vientosur.unla.edu.ar\/index.php\/wp-json\/wp\/v2\/comments?post=1970"}],"version-history":[{"count":1,"href":"https:\/\/vientosur.unla.edu.ar\/index.php\/wp-json\/wp\/v2\/posts\/1970\/revisions"}],"predecessor-version":[{"id":1972,"href":"https:\/\/vientosur.unla.edu.ar\/index.php\/wp-json\/wp\/v2\/posts\/1970\/revisions\/1972"}],"wp:featuredmedia":[{"embeddable":true,"href":"https:\/\/vientosur.unla.edu.ar\/index.php\/wp-json\/wp\/v2\/media\/1971"}],"wp:attachment":[{"href":"https:\/\/vientosur.unla.edu.ar\/index.php\/wp-json\/wp\/v2\/media?parent=1970"}],"wp:term":[{"taxonomy":"category","embeddable":true,"href":"https:\/\/vientosur.unla.edu.ar\/index.php\/wp-json\/wp\/v2\/categories?post=1970"},{"taxonomy":"post_tag","embeddable":true,"href":"https:\/\/vientosur.unla.edu.ar\/index.php\/wp-json\/wp\/v2\/tags?post=1970"},{"taxonomy":"author","embeddable":true,"href":"https:\/\/vientosur.unla.edu.ar\/index.php\/wp-json\/wp\/v2\/coauthors?post=1970"}],"curies":[{"name":"wp","href":"https:\/\/api.w.org\/{rel}","templated":true}]}}