{"id":2277,"date":"2018-12-16T14:36:50","date_gmt":"2018-12-16T17:36:50","guid":{"rendered":"http:\/\/vientosur.unla.edu.ar\/?p=2277"},"modified":"2018-12-16T14:36:52","modified_gmt":"2018-12-16T17:36:52","slug":"la-fabrica-de-los-suenos","status":"publish","type":"post","link":"https:\/\/vientosur.unla.edu.ar\/index.php\/la-fabrica-de-los-suenos\/","title":{"rendered":"La f\u00e1brica de los sue\u00f1os"},"content":{"rendered":"\n<p class=\"wp-block-paragraph\"><\/p>\n\n\n\n<p class=\"has-drop-cap wp-block-paragraph\">A fines del mes de octubre la rectora Ana Jaramillo suscribi\u00f3 convenios marco y espec\u00edfico con la \u201cAsociaci\u00f3n de Industriales Metal\u00fargicos de la Rep\u00fablica Argentina\u201d (ADIMRA), encabezada por su vicepresidente segundo, el ingeniero Gerardo Venutolo. La firma del convenio acompa\u00f1a y ampl\u00eda los lazos estrat\u00e9gicos en materia de formaci\u00f3n profesional y de certificaci\u00f3n de competencias que viene desarrollando la Universidad Nacional de Lan\u00fas.<br>De esta manera, desde la Escuela de Oficios \u201cFelipe Vallese\u201d, dependiente de la Secretar\u00eda de Ciencia y T\u00e9cnica,  se inform\u00f3 que desde el mes de marzo de 2019 se desarrollar\u00e1n, de manera conjunta, cursos de oficios vinculados a la industria metal\u00fargica. Los mismos estar\u00e1n destinados a poblaciones desocupadas que busquen capacitarse, o bien a trabajadores\/as del sector que quieran mejorar sus calificaciones laborales.<br>ADIMRA nuclea actualmente a m\u00e1s de cuarenta mil empresas del sector metal\u00fargico, y es una de las c\u00e1maras emblem\u00e1ticas de la industria nacional. Por su parte la UNLa, a trav\u00e9s de su Escuela de Oficios \u201cFelipe Vallese\u201d, apuesta a consolidar una oferta de calidad y de excelencia tambi\u00e9n en materia de oficios. Para ello, viene promoviendo acuerdos estrat\u00e9gicos con los principales sindicatos de trabajadores y c\u00e1maras empresarias del pa\u00eds. <br>As\u00ed, la f\u00e1brica de sue\u00f1os se ampl\u00eda para ayudar a m\u00e1s compatriotas a realizarse a trav\u00e9s del trabajo.<\/p>\n\n\n\n<p class=\"wp-block-paragraph\"><br><div class=\"su-youtube su-u-responsive-media-no\"><iframe loading=\"lazy\" width=\"480\" height=\"300\" src=\"https:\/\/www.youtube.com\/embed\/mBpVRJQ6kPA?\" frameborder=\"0\" allowfullscreen allow=\"autoplay; encrypted-media; picture-in-picture\" title=\"\"><\/iframe><\/div>\n","protected":false},"excerpt":{"rendered":"<p>A fines del mes de octubre la rectora Ana Jaramillo suscribi\u00f3 convenios marco y espec\u00edfico con la \u201cAsociaci\u00f3n de Industriales Metal\u00fargicos de la Rep\u00fablica Argentina\u201d (ADIMRA), encabezada por su vicepresidente segundo, el ingeniero Gerardo Venutolo. La firma del convenio acompa\u00f1a y ampl\u00eda los lazos estrat\u00e9gicos en materia de formaci\u00f3n profesional y de certificaci\u00f3n de competencias [&hellip;]<\/p>\n","protected":false},"author":3,"featured_media":2278,"comment_status":"open","ping_status":"closed","sticky":false,"template":"","format":"standard","meta":{"_monsterinsights_skip_tracking":false,"footnotes":""},"categories":[198,175],"tags":[],"coauthors":[29],"class_list":["post-2277","post","type-post","status-publish","format-standard","has-post-thumbnail","category-numero-19","category-ultimo-numero"],"yoast_head":"<!-- This site is optimized with the Yoast SEO plugin v28.2 - https:\/\/yoast.com\/product\/yoast-seo-wordpress\/ -->\n<title>La f\u00e1brica de los sue\u00f1os - Viento Sur<\/title>\n<meta name=\"robots\" content=\"index, follow, max-snippet:-1, max-image-preview:large, max-video-preview:-1\" \/>\n<link rel=\"canonical\" href=\"https:\/\/vientosur.unla.edu.ar\/index.php\/la-fabrica-de-los-suenos\/\" \/>\n<meta property=\"og:locale\" content=\"es_ES\" \/>\n<meta property=\"og:type\" content=\"article\" \/>\n<meta property=\"og:title\" content=\"La f\u00e1brica de los sue\u00f1os - Viento Sur\" \/>\n<meta property=\"og:description\" content=\"A fines del mes de octubre la rectora Ana Jaramillo suscribi\u00f3 convenios marco y espec\u00edfico con la \u201cAsociaci\u00f3n de Industriales Metal\u00fargicos de la Rep\u00fablica Argentina\u201d (ADIMRA), encabezada por su vicepresidente segundo, el ingeniero Gerardo Venutolo. La firma del convenio acompa\u00f1a y ampl\u00eda los lazos estrat\u00e9gicos en materia de formaci\u00f3n profesional y de certificaci\u00f3n de competencias [&hellip;]\" \/>\n<meta property=\"og:url\" content=\"https:\/\/vientosur.unla.edu.ar\/index.php\/la-fabrica-de-los-suenos\/\" \/>\n<meta property=\"og:site_name\" content=\"Viento Sur\" \/>\n<meta property=\"article:published_time\" content=\"2018-12-16T17:36:50+00:00\" \/>\n<meta property=\"article:modified_time\" content=\"2018-12-16T17:36:52+00:00\" \/>\n<meta property=\"og:image\" content=\"https:\/\/vientosur.unla.edu.ar\/wp-content\/uploads\/2018\/12\/Firma-del-convenio.jpg\" \/>\n\t<meta property=\"og:image:width\" content=\"2557\" \/>\n\t<meta property=\"og:image:height\" content=\"1265\" \/>\n\t<meta property=\"og:image:type\" content=\"image\/jpeg\" \/>\n<meta name=\"author\" content=\"Viento Sur\" \/>\n<meta name=\"twitter:card\" content=\"summary_large_image\" \/>\n<meta name=\"twitter:label1\" content=\"Escrito por\" \/>\n\t<meta name=\"twitter:data1\" content=\"Viento Sur\" \/>\n\t<meta name=\"twitter:label2\" content=\"Tiempo de lectura\" \/>\n\t<meta name=\"twitter:data2\" content=\"1 minuto\" \/>\n\t<meta name=\"twitter:label3\" content=\"Written by\" \/>\n\t<meta name=\"twitter:data3\" content=\"Viento Sur\" \/>\n<script type=\"application\/ld+json\" class=\"yoast-schema-graph\">{\"@context\":\"https:\\\/\\\/schema.org\",\"@graph\":[{\"@type\":\"Article\",\"@id\":\"https:\\\/\\\/vientosur.unla.edu.ar\\\/index.php\\\/la-fabrica-de-los-suenos\\\/#article\",\"isPartOf\":{\"@id\":\"https:\\\/\\\/vientosur.unla.edu.ar\\\/index.php\\\/la-fabrica-de-los-suenos\\\/\"},\"author\":{\"name\":\"Viento Sur\",\"@id\":\"https:\\\/\\\/vientosur.unla.edu.ar\\\/#\\\/schema\\\/person\\\/ac10c9665e7a647683017bc331817e5a\"},\"headline\":\"La f\u00e1brica de los sue\u00f1os\",\"datePublished\":\"2018-12-16T17:36:50+00:00\",\"dateModified\":\"2018-12-16T17:36:52+00:00\",\"mainEntityOfPage\":{\"@id\":\"https:\\\/\\\/vientosur.unla.edu.ar\\\/index.php\\\/la-fabrica-de-los-suenos\\\/\"},\"wordCount\":264,\"commentCount\":0,\"image\":{\"@id\":\"https:\\\/\\\/vientosur.unla.edu.ar\\\/index.php\\\/la-fabrica-de-los-suenos\\\/#primaryimage\"},\"thumbnailUrl\":\"https:\\\/\\\/vientosur.unla.edu.ar\\\/wp-content\\\/uploads\\\/2018\\\/12\\\/Firma-del-convenio.jpg\",\"articleSection\":[\"N\u00famero 19\",\"\u00daltimo n\u00famero\"],\"inLanguage\":\"es\",\"potentialAction\":[{\"@type\":\"CommentAction\",\"name\":\"Comment\",\"target\":[\"https:\\\/\\\/vientosur.unla.edu.ar\\\/index.php\\\/la-fabrica-de-los-suenos\\\/#respond\"]}]},{\"@type\":\"WebPage\",\"@id\":\"https:\\\/\\\/vientosur.unla.edu.ar\\\/index.php\\\/la-fabrica-de-los-suenos\\\/\",\"url\":\"https:\\\/\\\/vientosur.unla.edu.ar\\\/index.php\\\/la-fabrica-de-los-suenos\\\/\",\"name\":\"La f\u00e1brica de los sue\u00f1os - Viento Sur\",\"isPartOf\":{\"@id\":\"https:\\\/\\\/vientosur.unla.edu.ar\\\/#website\"},\"primaryImageOfPage\":{\"@id\":\"https:\\\/\\\/vientosur.unla.edu.ar\\\/index.php\\\/la-fabrica-de-los-suenos\\\/#primaryimage\"},\"image\":{\"@id\":\"https:\\\/\\\/vientosur.unla.edu.ar\\\/index.php\\\/la-fabrica-de-los-suenos\\\/#primaryimage\"},\"thumbnailUrl\":\"https:\\\/\\\/vientosur.unla.edu.ar\\\/wp-content\\\/uploads\\\/2018\\\/12\\\/Firma-del-convenio.jpg\",\"datePublished\":\"2018-12-16T17:36:50+00:00\",\"dateModified\":\"2018-12-16T17:36:52+00:00\",\"author\":{\"@id\":\"https:\\\/\\\/vientosur.unla.edu.ar\\\/#\\\/schema\\\/person\\\/ac10c9665e7a647683017bc331817e5a\"},\"breadcrumb\":{\"@id\":\"https:\\\/\\\/vientosur.unla.edu.ar\\\/index.php\\\/la-fabrica-de-los-suenos\\\/#breadcrumb\"},\"inLanguage\":\"es\",\"potentialAction\":[{\"@type\":\"ReadAction\",\"target\":[\"https:\\\/\\\/vientosur.unla.edu.ar\\\/index.php\\\/la-fabrica-de-los-suenos\\\/\"]}]},{\"@type\":\"ImageObject\",\"inLanguage\":\"es\",\"@id\":\"https:\\\/\\\/vientosur.unla.edu.ar\\\/index.php\\\/la-fabrica-de-los-suenos\\\/#primaryimage\",\"url\":\"https:\\\/\\\/vientosur.unla.edu.ar\\\/wp-content\\\/uploads\\\/2018\\\/12\\\/Firma-del-convenio.jpg\",\"contentUrl\":\"https:\\\/\\\/vientosur.unla.edu.ar\\\/wp-content\\\/uploads\\\/2018\\\/12\\\/Firma-del-convenio.jpg\",\"width\":2557,\"height\":1265},{\"@type\":\"BreadcrumbList\",\"@id\":\"https:\\\/\\\/vientosur.unla.edu.ar\\\/index.php\\\/la-fabrica-de-los-suenos\\\/#breadcrumb\",\"itemListElement\":[{\"@type\":\"ListItem\",\"position\":1,\"name\":\"Portada\",\"item\":\"https:\\\/\\\/vientosur.unla.edu.ar\\\/\"},{\"@type\":\"ListItem\",\"position\":2,\"name\":\"La f\u00e1brica de los sue\u00f1os\"}]},{\"@type\":\"WebSite\",\"@id\":\"https:\\\/\\\/vientosur.unla.edu.ar\\\/#website\",\"url\":\"https:\\\/\\\/vientosur.unla.edu.ar\\\/\",\"name\":\"Viento Sur\",\"description\":\"Revista institucional de la Universidad Nacional de Lan\u00fas\",\"potentialAction\":[{\"@type\":\"SearchAction\",\"target\":{\"@type\":\"EntryPoint\",\"urlTemplate\":\"https:\\\/\\\/vientosur.unla.edu.ar\\\/?s={search_term_string}\"},\"query-input\":{\"@type\":\"PropertyValueSpecification\",\"valueRequired\":true,\"valueName\":\"search_term_string\"}}],\"inLanguage\":\"es\"},{\"@type\":\"Person\",\"@id\":\"https:\\\/\\\/vientosur.unla.edu.ar\\\/#\\\/schema\\\/person\\\/ac10c9665e7a647683017bc331817e5a\",\"name\":\"Viento Sur\",\"description\":\"Revista institucional de la Universidad Nacional de Lan\u00fas.\",\"sameAs\":[\"http:\\\/\\\/vientosur.unla.edu.ar\"],\"url\":\"https:\\\/\\\/vientosur.unla.edu.ar\\\/index.php\\\/author\\\/viento-sur\\\/\"}]}<\/script>\n<!-- \/ Yoast SEO plugin. -->","yoast_head_json":{"title":"La f\u00e1brica de los sue\u00f1os - Viento Sur","robots":{"index":"index","follow":"follow","max-snippet":"max-snippet:-1","max-image-preview":"max-image-preview:large","max-video-preview":"max-video-preview:-1"},"canonical":"https:\/\/vientosur.unla.edu.ar\/index.php\/la-fabrica-de-los-suenos\/","og_locale":"es_ES","og_type":"article","og_title":"La f\u00e1brica de los sue\u00f1os - Viento Sur","og_description":"A fines del mes de octubre la rectora Ana Jaramillo suscribi\u00f3 convenios marco y espec\u00edfico con la \u201cAsociaci\u00f3n de Industriales Metal\u00fargicos de la Rep\u00fablica Argentina\u201d (ADIMRA), encabezada por su vicepresidente segundo, el ingeniero Gerardo Venutolo. La firma del convenio acompa\u00f1a y ampl\u00eda los lazos estrat\u00e9gicos en materia de formaci\u00f3n profesional y de certificaci\u00f3n de competencias [&hellip;]","og_url":"https:\/\/vientosur.unla.edu.ar\/index.php\/la-fabrica-de-los-suenos\/","og_site_name":"Viento Sur","article_published_time":"2018-12-16T17:36:50+00:00","article_modified_time":"2018-12-16T17:36:52+00:00","og_image":[{"width":2557,"height":1265,"url":"https:\/\/vientosur.unla.edu.ar\/wp-content\/uploads\/2018\/12\/Firma-del-convenio.jpg","type":"image\/jpeg"}],"author":"Viento Sur","twitter_card":"summary_large_image","twitter_misc":{"Escrito por":"Viento Sur","Tiempo de lectura":"1 minuto","Written by":"Viento Sur"},"schema":{"@context":"https:\/\/schema.org","@graph":[{"@type":"Article","@id":"https:\/\/vientosur.unla.edu.ar\/index.php\/la-fabrica-de-los-suenos\/#article","isPartOf":{"@id":"https:\/\/vientosur.unla.edu.ar\/index.php\/la-fabrica-de-los-suenos\/"},"author":{"name":"Viento Sur","@id":"https:\/\/vientosur.unla.edu.ar\/#\/schema\/person\/ac10c9665e7a647683017bc331817e5a"},"headline":"La f\u00e1brica de los sue\u00f1os","datePublished":"2018-12-16T17:36:50+00:00","dateModified":"2018-12-16T17:36:52+00:00","mainEntityOfPage":{"@id":"https:\/\/vientosur.unla.edu.ar\/index.php\/la-fabrica-de-los-suenos\/"},"wordCount":264,"commentCount":0,"image":{"@id":"https:\/\/vientosur.unla.edu.ar\/index.php\/la-fabrica-de-los-suenos\/#primaryimage"},"thumbnailUrl":"https:\/\/vientosur.unla.edu.ar\/wp-content\/uploads\/2018\/12\/Firma-del-convenio.jpg","articleSection":["N\u00famero 19","\u00daltimo n\u00famero"],"inLanguage":"es","potentialAction":[{"@type":"CommentAction","name":"Comment","target":["https:\/\/vientosur.unla.edu.ar\/index.php\/la-fabrica-de-los-suenos\/#respond"]}]},{"@type":"WebPage","@id":"https:\/\/vientosur.unla.edu.ar\/index.php\/la-fabrica-de-los-suenos\/","url":"https:\/\/vientosur.unla.edu.ar\/index.php\/la-fabrica-de-los-suenos\/","name":"La f\u00e1brica de los sue\u00f1os - Viento Sur","isPartOf":{"@id":"https:\/\/vientosur.unla.edu.ar\/#website"},"primaryImageOfPage":{"@id":"https:\/\/vientosur.unla.edu.ar\/index.php\/la-fabrica-de-los-suenos\/#primaryimage"},"image":{"@id":"https:\/\/vientosur.unla.edu.ar\/index.php\/la-fabrica-de-los-suenos\/#primaryimage"},"thumbnailUrl":"https:\/\/vientosur.unla.edu.ar\/wp-content\/uploads\/2018\/12\/Firma-del-convenio.jpg","datePublished":"2018-12-16T17:36:50+00:00","dateModified":"2018-12-16T17:36:52+00:00","author":{"@id":"https:\/\/vientosur.unla.edu.ar\/#\/schema\/person\/ac10c9665e7a647683017bc331817e5a"},"breadcrumb":{"@id":"https:\/\/vientosur.unla.edu.ar\/index.php\/la-fabrica-de-los-suenos\/#breadcrumb"},"inLanguage":"es","potentialAction":[{"@type":"ReadAction","target":["https:\/\/vientosur.unla.edu.ar\/index.php\/la-fabrica-de-los-suenos\/"]}]},{"@type":"ImageObject","inLanguage":"es","@id":"https:\/\/vientosur.unla.edu.ar\/index.php\/la-fabrica-de-los-suenos\/#primaryimage","url":"https:\/\/vientosur.unla.edu.ar\/wp-content\/uploads\/2018\/12\/Firma-del-convenio.jpg","contentUrl":"https:\/\/vientosur.unla.edu.ar\/wp-content\/uploads\/2018\/12\/Firma-del-convenio.jpg","width":2557,"height":1265},{"@type":"BreadcrumbList","@id":"https:\/\/vientosur.unla.edu.ar\/index.php\/la-fabrica-de-los-suenos\/#breadcrumb","itemListElement":[{"@type":"ListItem","position":1,"name":"Portada","item":"https:\/\/vientosur.unla.edu.ar\/"},{"@type":"ListItem","position":2,"name":"La f\u00e1brica de los sue\u00f1os"}]},{"@type":"WebSite","@id":"https:\/\/vientosur.unla.edu.ar\/#website","url":"https:\/\/vientosur.unla.edu.ar\/","name":"Viento Sur","description":"Revista institucional de la Universidad Nacional de Lan\u00fas","potentialAction":[{"@type":"SearchAction","target":{"@type":"EntryPoint","urlTemplate":"https:\/\/vientosur.unla.edu.ar\/?s={search_term_string}"},"query-input":{"@type":"PropertyValueSpecification","valueRequired":true,"valueName":"search_term_string"}}],"inLanguage":"es"},{"@type":"Person","@id":"https:\/\/vientosur.unla.edu.ar\/#\/schema\/person\/ac10c9665e7a647683017bc331817e5a","name":"Viento Sur","description":"Revista institucional de la Universidad Nacional de Lan\u00fas.","sameAs":["http:\/\/vientosur.unla.edu.ar"],"url":"https:\/\/vientosur.unla.edu.ar\/index.php\/author\/viento-sur\/"}]}},"_links":{"self":[{"href":"https:\/\/vientosur.unla.edu.ar\/index.php\/wp-json\/wp\/v2\/posts\/2277","targetHints":{"allow":["GET"]}}],"collection":[{"href":"https:\/\/vientosur.unla.edu.ar\/index.php\/wp-json\/wp\/v2\/posts"}],"about":[{"href":"https:\/\/vientosur.unla.edu.ar\/index.php\/wp-json\/wp\/v2\/types\/post"}],"author":[{"embeddable":true,"href":"https:\/\/vientosur.unla.edu.ar\/index.php\/wp-json\/wp\/v2\/users\/3"}],"replies":[{"embeddable":true,"href":"https:\/\/vientosur.unla.edu.ar\/index.php\/wp-json\/wp\/v2\/comments?post=2277"}],"version-history":[{"count":2,"href":"https:\/\/vientosur.unla.edu.ar\/index.php\/wp-json\/wp\/v2\/posts\/2277\/revisions"}],"predecessor-version":[{"id":2281,"href":"https:\/\/vientosur.unla.edu.ar\/index.php\/wp-json\/wp\/v2\/posts\/2277\/revisions\/2281"}],"wp:featuredmedia":[{"embeddable":true,"href":"https:\/\/vientosur.unla.edu.ar\/index.php\/wp-json\/wp\/v2\/media\/2278"}],"wp:attachment":[{"href":"https:\/\/vientosur.unla.edu.ar\/index.php\/wp-json\/wp\/v2\/media?parent=2277"}],"wp:term":[{"taxonomy":"category","embeddable":true,"href":"https:\/\/vientosur.unla.edu.ar\/index.php\/wp-json\/wp\/v2\/categories?post=2277"},{"taxonomy":"post_tag","embeddable":true,"href":"https:\/\/vientosur.unla.edu.ar\/index.php\/wp-json\/wp\/v2\/tags?post=2277"},{"taxonomy":"author","embeddable":true,"href":"https:\/\/vientosur.unla.edu.ar\/index.php\/wp-json\/wp\/v2\/coauthors?post=2277"}],"curies":[{"name":"wp","href":"https:\/\/api.w.org\/{rel}","templated":true}]}}