{"id":3351,"date":"2020-05-14T10:58:27","date_gmt":"2020-05-14T13:58:27","guid":{"rendered":"http:\/\/vientosur.unla.edu.ar\/?p=3351"},"modified":"2020-05-20T10:12:15","modified_gmt":"2020-05-20T13:12:15","slug":"pandemia-salud-mental-y-derechos-humanos","status":"publish","type":"post","link":"https:\/\/vientosur.unla.edu.ar\/index.php\/pandemia-salud-mental-y-derechos-humanos\/","title":{"rendered":"Pandemia, Salud Mental y Derechos Humanos"},"content":{"rendered":"\n<p>En tiempos complejos frente a la irrupci\u00f3n de la pandemia por COVID-19 y en una l\u00ednea coherente con las esquelas publicadas y vinculadas al campo de la Salud Mental y los Derechos Humanos, seguimos ahondando, abriendo interrogantes, as\u00ed como ejes de intervenci\u00f3n en los \u00e1mbitos espec\u00edficos en que las disputas y tensiones en el campo de la salud mental irrumpen de un modo m\u00e1s dram\u00e1tico. <\/p>\n\n\n\n<p>Por ello, desarrollan aportes espec\u00edficos el \u201cPrograma de Salud, Subjetividad y Trabajo\u201d (a cargo de las docentes investigadoras Cecilia Ros y Miriam Wlosko) y los grupos que investigan y trabajan sobre \u201cG\u00e9nero y Salud Mental\u201d y \u201cSalud Mental, Derechos Humanos y Ni\u00f1ez\u201d; estos \u00faltimos, adscriptos al Doctorado y a la Maestr\u00eda en Salud Mental Comunitaria, compuestos por Alejandra Barcala, Corina Maruzza, Laura Poverene y Alejandro Wilner.<\/p>\n\n\n\n<p>As\u00ed nos interiorizamos en los riesgos que implican la discriminaci\u00f3n y\nla exclusi\u00f3n basadas en la identidad de g\u00e9nero, la invisibilizaci\u00f3n de las\ntareas de cuidado, la complejidad de las violencias por motivos de g\u00e9nero y la\nimportancia de la formaci\u00f3n de profesionales en estos aspectos; tambi\u00e9n con los\nriesgos y las transformaciones del trabajo en general, que sufren quienes\ntrabajan en el campo de la salud en particular y que afectan a su salud y\nsubjetividad; y por \u00faltimo, en c\u00f3mo resquebrajar\nlas miradas adultoc\u00e9ntricas a la hora de abordar problem\u00e1ticas vinculadas a las\ninfancias y adolescencias.<\/p>\n\n\n\n<p><strong>G\u00e9nero y Salud\nMental: violencias estructurales y tareas invisibilizadas <\/strong><\/p>\n\n\n\n<p>La vulneraci\u00f3n de derechos humanos por motivos relacionados con la identidad de g\u00e9nero, la transfobia y las situaciones de abuso y discriminaci\u00f3n en marcos institucionales, son graves problemas que existen con anterioridad a la pandemia. La patologizaci\u00f3n (es decir, la consideraci\u00f3n de quienes se identifican con un g\u00e9nero distinto al asignado al nacer, como enfermas) est\u00e1 relacionada con un mayor prejuicio contra las personas trans, su discriminaci\u00f3n y exclusi\u00f3n social, educativa y laboral, y la inaccesibilidad al \u00e1mbito sanitario que implica un riesgo para sus vidas, y que en este contexto se ve aumentada. <\/p>\n\n\n\n<p>Por otra parte, sobre los grupos m\u00e1s vulnerados (por razones de g\u00e9nero, procedencia social o geogr\u00e1fica) suelen recaer las tareas de cuidado que no reciben reconocimiento social ni econ\u00f3mico -no son remuneradas o lo son en forma precarizada-. En este contexto se vuelve sumamente urgente visibilizar esta situaci\u00f3n. Y es imprescindible considerar, entre estas tareas, las que est\u00e1n dedicadas no solo al cuidado de ni\u00f1os, ni\u00f1as y adolescentes, de las personas enfermas o ancianas, sino tambi\u00e9n de la poblaci\u00f3n detenida. Esta \u00faltima se encuentra por completo a cargo de mujeres.<\/p>\n\n\n\n<figure class=\"wp-block-image\"><img loading=\"lazy\" width=\"890\" height=\"1024\" src=\"http:\/\/vientosur.unla.edu.ar\/wp-content\/uploads\/2020\/05\/mental-illness-4364348_1280-890x1024.png\" alt=\"\" class=\"wp-image-3353\" srcset=\"https:\/\/vientosur.unla.edu.ar\/wp-content\/uploads\/2020\/05\/mental-illness-4364348_1280-890x1024.png 890w, https:\/\/vientosur.unla.edu.ar\/wp-content\/uploads\/2020\/05\/mental-illness-4364348_1280-261x300.png 261w, https:\/\/vientosur.unla.edu.ar\/wp-content\/uploads\/2020\/05\/mental-illness-4364348_1280-768x883.png 768w, https:\/\/vientosur.unla.edu.ar\/wp-content\/uploads\/2020\/05\/mental-illness-4364348_1280.png 1113w\" sizes=\"(max-width: 890px) 100vw, 890px\" \/><\/figure>\n\n\n\n<p>Esta coyuntura no\nhace m\u00e1s que recrudecer y acelerar las violencias estructurales. Pero en cuanto\na la violencia familiar (entendiendo que la misma incluye las relaciones de\npareja) es necesario comprender que su complejidad no est\u00e1 dada solo por la\nsituaci\u00f3n de aislamiento social preventivo y obligatorio actual. Entre las\ncaracter\u00edsticas de esta violencia se encuentra el hecho de que surge en el\nmarco de v\u00ednculos afectivos, por lo general muy estrechos, entre quienes las\npadecen y quienes las ejercen, y que desvincularse, denunciar, solicitar la\nexclusi\u00f3n del hogar de una persona, implican la toma de decisiones que\nconllevan un proceso y un arduo recorrido. <\/p>\n\n\n\n<p>Es necesario sostener que para la formaci\u00f3n adecuada en las \u00e1reas vinculadas al g\u00e9nero no es suficiente el activismo. Una formaci\u00f3n adecuada de profesionales de la salud es el medio insoslayable para alcanzar la erradicaci\u00f3n de las violencias por motivos de g\u00e9nero, y la&nbsp; despatologizaci\u00f3n trans. Para esto es imprescindible la inclusi\u00f3n de marcos conceptuales y epistemol\u00f3gicos interseccionales, interdisciplinarios y socialmente comprometidos. En esta l\u00ednea afirmamos que la existencia de las leyes no garantiza las buenas pr\u00e1cticas. <\/p>\n\n\n\n<p><strong>Cuidar cuid\u00e1ndonos: reflexiones acerca de\nla salud, la subjetividad y el trabajo<\/strong><\/p>\n\n\n\n<p>Todo trabajo en general pone en juego un\nesfuerzo, muchas veces invisible, de negociaci\u00f3n entre las exigencias que el\nmismo impone y lo que las personas ponen de s\u00ed -de su econom\u00eda&nbsp; psicosom\u00e1tica- para que el trabajo resulte.\nEsto lleva tiempo y constituye un patrimonio sobre el cual se apoya la vivencia\nde control y dominio que nos permite trabajar todos los d\u00edas.<\/p>\n\n\n\n<p>La actual situaci\u00f3n instala nuevas reglas de\njuego: nuevas demandas de cuidado, nuevos actores (cuando se reorganizan\nsectores, funciones, a partir de los servicios que ya no se prestan o de los\nnuevos que hay que incorporar), nuevos ritmos y tiempos de trabajo (a\u00fan bajo la\nmodalidad del <em>homeoffice<\/em>), nuevos medios y formatos para la asistencia\n(telef\u00f3nicos, con nuevas tecnolog\u00edas, presenciales pero con equipos de\nprotecci\u00f3n, etc.); todo esto en un contexto de incertidumbre vertiginosa en el\nque a veces no parece existir el tiempo suficiente para pensar.<\/p>\n\n\n\n<p>De esta manera, se destacan dos planos que merecen al menos la atenci\u00f3n sobre los efectos del trabajo en la salud mental. <\/p>\n\n\n\n<figure class=\"wp-block-image\"><img loading=\"lazy\" width=\"1024\" height=\"736\" src=\"http:\/\/vientosur.unla.edu.ar\/wp-content\/uploads\/2020\/05\/mental-health-4801544_1280-1024x736.png\" alt=\"\" class=\"wp-image-3355\" srcset=\"https:\/\/vientosur.unla.edu.ar\/wp-content\/uploads\/2020\/05\/mental-health-4801544_1280-1024x736.png 1024w, https:\/\/vientosur.unla.edu.ar\/wp-content\/uploads\/2020\/05\/mental-health-4801544_1280-300x216.png 300w, https:\/\/vientosur.unla.edu.ar\/wp-content\/uploads\/2020\/05\/mental-health-4801544_1280-768x552.png 768w, https:\/\/vientosur.unla.edu.ar\/wp-content\/uploads\/2020\/05\/mental-health-4801544_1280.png 1280w\" sizes=\"(max-width: 1024px) 100vw, 1024px\" \/><\/figure>\n\n\n\n<p>Uno, vinculado a c\u00f3mo incluir en la escucha y\nacompa\u00f1amiento propio de los cuidados en salud mental los efectos del trabajo\nsobre las personas que asistimos, teniendo en cuenta las diversas maneras en\nque este puede generar malestar\/sufrimiento: ya sea por inexistente, por\nriesgoso, o por intensificado. <\/p>\n\n\n\n<p>Otro, vinculado m\u00e1s particularmente al propio\ntrabajo del personal de salud\/salud mental. En este punto, la figura del h\u00e9roe\nque se ha&nbsp; instalado en los medios y en\nla opini\u00f3n p\u00fablica para describir el trabajo del personal de salud, m\u00e1s all\u00e1 de\nque expresa un reconocimiento social necesario y justo, no debe impedir que\nquienes desarrollan los cuidados de salud manifiesten y hagan o\u00edr sus\nimpotencias y temores frente a un trabajo que en ocasiones ha cambiado, que se\nvivencia como peligroso, incierto, y que adem\u00e1s debe ser compatibilizado con\nuna cotidianeidad familiar y social que tambi\u00e9n requiere de nuevos y grandes\nesfuerzos de adaptaci\u00f3n y cambio. <\/p>\n\n\n\n<p>Es necesario\ncomenzar a socializar las herramientas que pueden estar al alcance de la\npoblaci\u00f3n, sobre todo las que nos caracterizan como profesionales del campo de\nla salud mental, tales como la escucha. Alentar a quienes nos consultan, cuando\nles resulte posible, a brindar escucha y considerarla en s\u00ed misma como un\nrecurso valios\u00edsimo y un aporte fundamental para el acompa\u00f1amiento de otras\npersonas. As\u00ed tambi\u00e9n, el rastreo y la construcci\u00f3n de redes se vuelve tan\nfundamental como el ejercicio de la empat\u00eda y la pr\u00e1ctica de la solidaridad\nentre profesionales y hacia quienes nos consultan. <\/p>\n\n\n\n<p>Por ello, es importante que quienes se desempe\u00f1an\ncomo trabajadores de la saludno solo velen por condiciones de seguridad en su\ntrabajo, sino que tambi\u00e9n se den y\/o soliciten espacios en los que compartir\ntanto sus vivencias, temores, valoraciones en relaci\u00f3n con el trabajo como los\nmodos que van encontrando para responder mejor a los cuidados que dispensan a\notras personas. <\/p>\n\n\n\n<p><strong>Ni\u00f1os, ni\u00f1as y\nadolescentes (NNyA): capacidad de agencia como futuro posible<\/strong><\/p>\n\n\n\n<p>En este\nparticular contexto de emergencia sanitaria se visibiliza la intensidad de la\nreproducci\u00f3n y profundizaci\u00f3n de las desigualdades en los modos en que NNyA habitan\nla infancia y se vulnera su derecho a la salud mental. Dentro del grupo\nespecialmente vulnerado se encuentran las y los NNyA institucionalizadas\/os por\nrazones de salud mental y consumo problem\u00e1tico.<\/p>\n\n\n\n<p>Es importante escuchar sus voces y narrativas respecto a sus sentimientos y sensibilidad sin desacreditarlas ni estigmatizarlas en funci\u00f3n de su edad, g\u00e9nero, pertenencia social o geogr\u00e1fica o su salud mental, y respetar la singularidad situada. Esto constituye un compromiso \u00e9tico-pol\u00edtico para quienes se desempe\u00f1an como actores del campo de la salud mental y es el \u00fanico modo de resquebrajar las miradas adultoc\u00e9ntricas, las representaciones en torno a la \u201cpeligrosidad\u201d y la \u201cvictimizaci\u00f3n\u201d en funci\u00f3n de las situaciones vividas. <\/p>\n\n\n\n<figure class=\"wp-block-image\"><img loading=\"lazy\" width=\"975\" height=\"1024\" src=\"http:\/\/vientosur.unla.edu.ar\/wp-content\/uploads\/2020\/05\/fear-4750252_1280-975x1024.png\" alt=\"\" class=\"wp-image-3354\" srcset=\"https:\/\/vientosur.unla.edu.ar\/wp-content\/uploads\/2020\/05\/fear-4750252_1280-975x1024.png 975w, https:\/\/vientosur.unla.edu.ar\/wp-content\/uploads\/2020\/05\/fear-4750252_1280-286x300.png 286w, https:\/\/vientosur.unla.edu.ar\/wp-content\/uploads\/2020\/05\/fear-4750252_1280-768x806.png 768w, https:\/\/vientosur.unla.edu.ar\/wp-content\/uploads\/2020\/05\/fear-4750252_1280.png 1219w\" sizes=\"(max-width: 975px) 100vw, 975px\" \/><\/figure>\n\n\n\n<p>Para eso es necesario co-construir y reinventar dispositivos\ninstitucionales y territoriales generando\nmarcos simb\u00f3licos que les permitan expresar sus voces y simbolizar sus\nsufrimientos, creando as\u00ed oportunidades para la construcci\u00f3n de un proyecto que\narticule sus sue\u00f1os y un futuro; visibilizar y desmontar las actuales\nestrategias biopol\u00edticas, y demostrar que las propuestas innovadoras que\notorgan capacidad de agencia a NNyA no son una utop\u00eda sino realidades posibles,\nque no deben quedar por fuera de los marcos de reflexi\u00f3n de los proyectos\nsociales y de una transformaci\u00f3n cultural m\u00e1s amplia que garantice el derecho a\nuna vida digna. <\/p>\n\n\n\n<p>Para cerrar, difundimos los canales institucionales tanto para casos de denuncia y control ante abusos policiales, como ante violencia familiar o sexual:  <\/p>\n\n\n\n<ul><li><strong>Secretar\u00eda de Derechos Humanos de la Naci\u00f3n, <\/strong>l\u00ednea para informar sobre hechos de Violencia Institucional, Tel. 0800-122-5878. <\/li><li><strong>\u00d3rgano de Revisi\u00f3n de Salud Mental: <\/strong>para informar sobre cualquier situaci\u00f3nque involucre los derechos de los usuarios y usuarias de los servicios de salud mental (011) 4342-5916\/5848 (Fax) 4342-5839 &#8211; 0800-333-6776, Mail <a href=\"mailto:organoderevision@mpd.gov.ar\">organoderevision@mpd.gov.ar<\/a><\/li><li>Respecto de <strong>violencia familiar y sexual<\/strong>, la l\u00ednea 137 (Ministerio de Justicia y DDHH de la Naci\u00f3n) atiende las 24 horas los 365 d\u00edas del a\u00f1o. Funciona desde el a\u00f1o 2006 y es atendida por profesionales de Psicolog\u00eda, Trabajo Social y un equipo jur\u00eddico, todos con una larga trayectoria de acompa\u00f1amiento, orientaci\u00f3n y seguimiento en estas situaciones de emergencia.   <\/li><\/ul>\n\n\n\n<p> <div class=\"su-box su-box-style-default\" id=\"\" style=\"border-color:#000000;border-radius:3px;\"><div class=\"su-box-title\" style=\"background-color:#333333;color:#FFFFFF;border-top-left-radius:1px;border-top-right-radius:1px\">Art\u00edculos relacionados<\/div><div class=\"su-box-content su-u-clearfix su-u-trim\" style=\"border-bottom-left-radius:1px;border-bottom-right-radius:1px\">Respuestas colectivas, dial\u00f3gicas y creativas para garantizar est\u00e1ndares de Derechos Humanos en Salud Mental  <a href=\"http:\/\/vientosur.unla.edu.ar\/index.php\/respuestas-colectivas-dialogicas-y-creativas-para-garantizar-estandares-de-derechos-humanos-en-salud-mental\/\"><strong>http:\/\/vientosur.unla.edu.ar\/index.php\/respuestas-colectivas-dialogicas-y-creativas-para-garantizar-estandares-de-derechos-humanos-en-salud-mental\/<\/strong><\/a> <\/p>\n\n\n\n<p>Salud y subjetividad en contextos dist\u00f3picos <a href=\"http:\/\/vientosur.unla.edu.ar\/index.php\/salud-y-subjetividad-en-contextos-distopicos\/[\/su_box]\"><strong>http:\/\/vientosur.unla.edu.ar\/index.php\/salud-y-subjetividad-en-contextos-distopicos\/<\/div><\/div><\/strong><\/a> <\/p>\n","protected":false},"excerpt":{"rendered":"<p>En tiempos complejos frente a la irrupci\u00f3n de la pandemia por COVID-19 y en una l\u00ednea coherente con las esquelas publicadas y vinculadas al campo de la Salud Mental y los Derechos Humanos, seguimos ahondando, abriendo interrogantes, as\u00ed como ejes de intervenci\u00f3n en los \u00e1mbitos espec\u00edficos en que las disputas y tensiones en el campo [&hellip;]<\/p>\n","protected":false},"author":8,"featured_media":3358,"comment_status":"open","ping_status":"closed","sticky":true,"template":"","format":"standard","meta":{"_monsterinsights_skip_tracking":false,"_monsterinsights_sitenote_active":false,"_monsterinsights_sitenote_note":"","_monsterinsights_sitenote_category":0},"categories":[155,60],"tags":[335,264,247,267,316,255],"coauthors":[256],"_links":{"self":[{"href":"https:\/\/vientosur.unla.edu.ar\/index.php\/wp-json\/wp\/v2\/posts\/3351"}],"collection":[{"href":"https:\/\/vientosur.unla.edu.ar\/index.php\/wp-json\/wp\/v2\/posts"}],"about":[{"href":"https:\/\/vientosur.unla.edu.ar\/index.php\/wp-json\/wp\/v2\/types\/post"}],"author":[{"embeddable":true,"href":"https:\/\/vientosur.unla.edu.ar\/index.php\/wp-json\/wp\/v2\/users\/8"}],"replies":[{"embeddable":true,"href":"https:\/\/vientosur.unla.edu.ar\/index.php\/wp-json\/wp\/v2\/comments?post=3351"}],"version-history":[{"count":5,"href":"https:\/\/vientosur.unla.edu.ar\/index.php\/wp-json\/wp\/v2\/posts\/3351\/revisions"}],"predecessor-version":[{"id":3363,"href":"https:\/\/vientosur.unla.edu.ar\/index.php\/wp-json\/wp\/v2\/posts\/3351\/revisions\/3363"}],"wp:featuredmedia":[{"embeddable":true,"href":"https:\/\/vientosur.unla.edu.ar\/index.php\/wp-json\/wp\/v2\/media\/3358"}],"wp:attachment":[{"href":"https:\/\/vientosur.unla.edu.ar\/index.php\/wp-json\/wp\/v2\/media?parent=3351"}],"wp:term":[{"taxonomy":"category","embeddable":true,"href":"https:\/\/vientosur.unla.edu.ar\/index.php\/wp-json\/wp\/v2\/categories?post=3351"},{"taxonomy":"post_tag","embeddable":true,"href":"https:\/\/vientosur.unla.edu.ar\/index.php\/wp-json\/wp\/v2\/tags?post=3351"},{"taxonomy":"author","embeddable":true,"href":"https:\/\/vientosur.unla.edu.ar\/index.php\/wp-json\/wp\/v2\/coauthors?post=3351"}],"curies":[{"name":"wp","href":"https:\/\/api.w.org\/{rel}","templated":true}]}}