{"id":426,"date":"2016-12-21T15:04:22","date_gmt":"2016-12-21T18:04:22","guid":{"rendered":"http:\/\/vientosur.unla.edu.ar\/?p=426"},"modified":"2017-09-11T17:56:01","modified_gmt":"2017-09-11T20:56:01","slug":"feria-de-luthiers","status":"publish","type":"post","link":"https:\/\/vientosur.unla.edu.ar\/index.php\/feria-de-luthiers\/","title":{"rendered":"Feria de Luthiers"},"content":{"rendered":"<p>\u201cLuthiers\u201d tuvo lugar el 9 y 10 de septiembre en la UNLa. Fue la primera exposici\u00f3n universitaria de instrumentos musicales ac\u00fasticos y el\u00e9ctricos, equipamiento, accesorios y efectos de producci\u00f3n nacional. Fue organizada por la Direcci\u00f3n de Relaciones Institucionales y Culturales, el sello discogr\u00e1fico de la UNLa y el Departamento de Humanidades y Artes, con el apoyo de la Asociaci\u00f3n Argentina de Luthiers.<br \/>\nOscar Grela y Fernando \u00c1valos, responsables de la exposici\u00f3n, so\u00f1aron desde hace mucho tiempo con hacer la muestra \u201cLuthiers\u201d y coinciden en que el festival Cultura por Nosotros fue un empuj\u00f3n: \u201clas bandas que ven\u00edan a tocar nos preguntaban cu\u00e1ndo \u00edbamos a organizar un evento as\u00ed\u201d.<br \/>\nEl ala sur del edificio Jos\u00e9 Hern\u00e1ndez se visti\u00f3 para la ocasi\u00f3n con stands llenos de instrumentos, luminaria de color y m\u00fasica ambiente. A lo largo de la muestra se pudo distinguir desde un expositor de controladores midi hasta al \u00fanico \u201cobradeiro\u201d de gaitas e instrumentos de vientos gallegos de la Argentina, Ricardo Molina. Due\u00f1o de uno de los instrumentos m\u00e1s atractivos de la jornada, cautiv\u00f3 a los presentes con el sonido de sus gaitas: \u201cEs muy importante para m\u00ed estar en este espacio, ya que no solo muestro mi trabajo sino que contribuyo a la difusi\u00f3n de la cultura gallega\u201d. Los participantes probaron bater\u00edas, flautas traversas, guitarras criollas y el\u00e9ctricas, bajos ac\u00fasticos y el\u00e9ctricos, instrumentos de percusi\u00f3n, pedales, felpas para platillos, el bandone\u00f3n Pichuco, entre otros.<br \/>\nLuthiers permiti\u00f3 que los expositores contaran y demostraran a trav\u00e9s de sus instrumentos lo que hacen, por qu\u00e9 trabajan con ciertos materiales y no con otros. Adem\u00e1s, m\u00fasicos y p\u00fablico en general pudieron generar contactos para comprar y vender sus instrumentos.<br \/>\nLa feria tambi\u00e9n cont\u00f3 con charlas y actividades tales como un taller de canto con caja dictado por Florencia Barroso; un taller de percusi\u00f3n africana; un taller sobre \u201cc\u00f3mo hacer tus propios controladores midi\u201d, dictado por los responsables de la tienda Yaeltex y un taller de amplificaci\u00f3n y procesamiento de guitarras que ofreci\u00f3 el m\u00fasico y no docente de la UNLa, Esteban Gonz\u00e1lez.<br \/>\nCuando las luces se apagaron, los Luthiers se saludaron con un \u201c\u00a1Hasta el a\u00f1o que viene!\u201d.<\/p>\n","protected":false},"excerpt":{"rendered":"<p>\u201cLuthiers\u201d tuvo lugar el 9 y 10 de septiembre en la UNLa. Fue la primera exposici\u00f3n universitaria de instrumentos musicales ac\u00fasticos y el\u00e9ctricos, equipamiento, accesorios y efectos de producci\u00f3n nacional. Fue organizada por la Direcci\u00f3n de Relaciones Institucionales y Culturales, el sello discogr\u00e1fico de la UNLa y el Departamento de Humanidades y Artes, con el [&hellip;]<\/p>\n","protected":false},"author":3,"featured_media":584,"comment_status":"open","ping_status":"open","sticky":false,"template":"","format":"standard","meta":{"_monsterinsights_skip_tracking":false,"footnotes":""},"categories":[10,17],"tags":[],"coauthors":[29],"class_list":["post-426","post","type-post","status-publish","format-standard","has-post-thumbnail","category-eventos","category-numero-14"],"yoast_head":"<!-- This site is optimized with the Yoast SEO plugin v28.2 - https:\/\/yoast.com\/product\/yoast-seo-wordpress\/ -->\n<title>Feria de Luthiers - Viento Sur<\/title>\n<meta name=\"robots\" content=\"index, follow, max-snippet:-1, max-image-preview:large, max-video-preview:-1\" \/>\n<link rel=\"canonical\" href=\"https:\/\/vientosur.unla.edu.ar\/index.php\/feria-de-luthiers\/\" \/>\n<meta property=\"og:locale\" content=\"es_ES\" \/>\n<meta property=\"og:type\" content=\"article\" \/>\n<meta property=\"og:title\" content=\"Feria de Luthiers - Viento Sur\" \/>\n<meta property=\"og:description\" content=\"\u201cLuthiers\u201d tuvo lugar el 9 y 10 de septiembre en la UNLa. Fue la primera exposici\u00f3n universitaria de instrumentos musicales ac\u00fasticos y el\u00e9ctricos, equipamiento, accesorios y efectos de producci\u00f3n nacional. Fue organizada por la Direcci\u00f3n de Relaciones Institucionales y Culturales, el sello discogr\u00e1fico de la UNLa y el Departamento de Humanidades y Artes, con el [&hellip;]\" \/>\n<meta property=\"og:url\" content=\"https:\/\/vientosur.unla.edu.ar\/index.php\/feria-de-luthiers\/\" \/>\n<meta property=\"og:site_name\" content=\"Viento Sur\" \/>\n<meta property=\"article:published_time\" content=\"2016-12-21T18:04:22+00:00\" \/>\n<meta property=\"article:modified_time\" content=\"2017-09-11T20:56:01+00:00\" \/>\n<meta property=\"og:image\" content=\"https:\/\/vientosur.unla.edu.ar\/wp-content\/uploads\/2016\/12\/5.feria-luthiers.jpg\" \/>\n\t<meta property=\"og:image:width\" content=\"2048\" \/>\n\t<meta property=\"og:image:height\" content=\"1365\" \/>\n\t<meta property=\"og:image:type\" content=\"image\/jpeg\" \/>\n<meta name=\"author\" content=\"Viento Sur\" \/>\n<meta name=\"twitter:card\" content=\"summary_large_image\" \/>\n<meta name=\"twitter:label1\" content=\"Escrito por\" \/>\n\t<meta name=\"twitter:data1\" content=\"Viento Sur\" \/>\n\t<meta name=\"twitter:label2\" content=\"Tiempo de lectura\" \/>\n\t<meta name=\"twitter:data2\" content=\"2 minutos\" \/>\n\t<meta name=\"twitter:label3\" content=\"Written by\" \/>\n\t<meta name=\"twitter:data3\" content=\"Viento Sur\" \/>\n<script type=\"application\/ld+json\" class=\"yoast-schema-graph\">{\"@context\":\"https:\\\/\\\/schema.org\",\"@graph\":[{\"@type\":\"Article\",\"@id\":\"https:\\\/\\\/vientosur.unla.edu.ar\\\/index.php\\\/feria-de-luthiers\\\/#article\",\"isPartOf\":{\"@id\":\"https:\\\/\\\/vientosur.unla.edu.ar\\\/index.php\\\/feria-de-luthiers\\\/\"},\"author\":{\"name\":\"Viento Sur\",\"@id\":\"https:\\\/\\\/vientosur.unla.edu.ar\\\/#\\\/schema\\\/person\\\/ac10c9665e7a647683017bc331817e5a\"},\"headline\":\"Feria de Luthiers\",\"datePublished\":\"2016-12-21T18:04:22+00:00\",\"dateModified\":\"2017-09-11T20:56:01+00:00\",\"mainEntityOfPage\":{\"@id\":\"https:\\\/\\\/vientosur.unla.edu.ar\\\/index.php\\\/feria-de-luthiers\\\/\"},\"wordCount\":391,\"commentCount\":0,\"image\":{\"@id\":\"https:\\\/\\\/vientosur.unla.edu.ar\\\/index.php\\\/feria-de-luthiers\\\/#primaryimage\"},\"thumbnailUrl\":\"https:\\\/\\\/vientosur.unla.edu.ar\\\/wp-content\\\/uploads\\\/2016\\\/12\\\/5.feria-luthiers.jpg\",\"articleSection\":[\"Eventos\",\"N\u00famero 14\"],\"inLanguage\":\"es\",\"potentialAction\":[{\"@type\":\"CommentAction\",\"name\":\"Comment\",\"target\":[\"https:\\\/\\\/vientosur.unla.edu.ar\\\/index.php\\\/feria-de-luthiers\\\/#respond\"]}]},{\"@type\":\"WebPage\",\"@id\":\"https:\\\/\\\/vientosur.unla.edu.ar\\\/index.php\\\/feria-de-luthiers\\\/\",\"url\":\"https:\\\/\\\/vientosur.unla.edu.ar\\\/index.php\\\/feria-de-luthiers\\\/\",\"name\":\"Feria de Luthiers - Viento Sur\",\"isPartOf\":{\"@id\":\"https:\\\/\\\/vientosur.unla.edu.ar\\\/#website\"},\"primaryImageOfPage\":{\"@id\":\"https:\\\/\\\/vientosur.unla.edu.ar\\\/index.php\\\/feria-de-luthiers\\\/#primaryimage\"},\"image\":{\"@id\":\"https:\\\/\\\/vientosur.unla.edu.ar\\\/index.php\\\/feria-de-luthiers\\\/#primaryimage\"},\"thumbnailUrl\":\"https:\\\/\\\/vientosur.unla.edu.ar\\\/wp-content\\\/uploads\\\/2016\\\/12\\\/5.feria-luthiers.jpg\",\"datePublished\":\"2016-12-21T18:04:22+00:00\",\"dateModified\":\"2017-09-11T20:56:01+00:00\",\"author\":{\"@id\":\"https:\\\/\\\/vientosur.unla.edu.ar\\\/#\\\/schema\\\/person\\\/ac10c9665e7a647683017bc331817e5a\"},\"breadcrumb\":{\"@id\":\"https:\\\/\\\/vientosur.unla.edu.ar\\\/index.php\\\/feria-de-luthiers\\\/#breadcrumb\"},\"inLanguage\":\"es\",\"potentialAction\":[{\"@type\":\"ReadAction\",\"target\":[\"https:\\\/\\\/vientosur.unla.edu.ar\\\/index.php\\\/feria-de-luthiers\\\/\"]}]},{\"@type\":\"ImageObject\",\"inLanguage\":\"es\",\"@id\":\"https:\\\/\\\/vientosur.unla.edu.ar\\\/index.php\\\/feria-de-luthiers\\\/#primaryimage\",\"url\":\"https:\\\/\\\/vientosur.unla.edu.ar\\\/wp-content\\\/uploads\\\/2016\\\/12\\\/5.feria-luthiers.jpg\",\"contentUrl\":\"https:\\\/\\\/vientosur.unla.edu.ar\\\/wp-content\\\/uploads\\\/2016\\\/12\\\/5.feria-luthiers.jpg\",\"width\":2048,\"height\":1365},{\"@type\":\"BreadcrumbList\",\"@id\":\"https:\\\/\\\/vientosur.unla.edu.ar\\\/index.php\\\/feria-de-luthiers\\\/#breadcrumb\",\"itemListElement\":[{\"@type\":\"ListItem\",\"position\":1,\"name\":\"Portada\",\"item\":\"https:\\\/\\\/vientosur.unla.edu.ar\\\/\"},{\"@type\":\"ListItem\",\"position\":2,\"name\":\"Feria de Luthiers\"}]},{\"@type\":\"WebSite\",\"@id\":\"https:\\\/\\\/vientosur.unla.edu.ar\\\/#website\",\"url\":\"https:\\\/\\\/vientosur.unla.edu.ar\\\/\",\"name\":\"Viento Sur\",\"description\":\"Revista institucional de la Universidad Nacional de Lan\u00fas\",\"potentialAction\":[{\"@type\":\"SearchAction\",\"target\":{\"@type\":\"EntryPoint\",\"urlTemplate\":\"https:\\\/\\\/vientosur.unla.edu.ar\\\/?s={search_term_string}\"},\"query-input\":{\"@type\":\"PropertyValueSpecification\",\"valueRequired\":true,\"valueName\":\"search_term_string\"}}],\"inLanguage\":\"es\"},{\"@type\":\"Person\",\"@id\":\"https:\\\/\\\/vientosur.unla.edu.ar\\\/#\\\/schema\\\/person\\\/ac10c9665e7a647683017bc331817e5a\",\"name\":\"Viento Sur\",\"description\":\"Revista institucional de la Universidad Nacional de Lan\u00fas.\",\"sameAs\":[\"http:\\\/\\\/vientosur.unla.edu.ar\"],\"url\":\"https:\\\/\\\/vientosur.unla.edu.ar\\\/index.php\\\/author\\\/viento-sur\\\/\"}]}<\/script>\n<!-- \/ Yoast SEO plugin. -->","yoast_head_json":{"title":"Feria de Luthiers - Viento Sur","robots":{"index":"index","follow":"follow","max-snippet":"max-snippet:-1","max-image-preview":"max-image-preview:large","max-video-preview":"max-video-preview:-1"},"canonical":"https:\/\/vientosur.unla.edu.ar\/index.php\/feria-de-luthiers\/","og_locale":"es_ES","og_type":"article","og_title":"Feria de Luthiers - Viento Sur","og_description":"\u201cLuthiers\u201d tuvo lugar el 9 y 10 de septiembre en la UNLa. Fue la primera exposici\u00f3n universitaria de instrumentos musicales ac\u00fasticos y el\u00e9ctricos, equipamiento, accesorios y efectos de producci\u00f3n nacional. Fue organizada por la Direcci\u00f3n de Relaciones Institucionales y Culturales, el sello discogr\u00e1fico de la UNLa y el Departamento de Humanidades y Artes, con el [&hellip;]","og_url":"https:\/\/vientosur.unla.edu.ar\/index.php\/feria-de-luthiers\/","og_site_name":"Viento Sur","article_published_time":"2016-12-21T18:04:22+00:00","article_modified_time":"2017-09-11T20:56:01+00:00","og_image":[{"width":2048,"height":1365,"url":"https:\/\/vientosur.unla.edu.ar\/wp-content\/uploads\/2016\/12\/5.feria-luthiers.jpg","type":"image\/jpeg"}],"author":"Viento Sur","twitter_card":"summary_large_image","twitter_misc":{"Escrito por":"Viento Sur","Tiempo de lectura":"2 minutos","Written by":"Viento Sur"},"schema":{"@context":"https:\/\/schema.org","@graph":[{"@type":"Article","@id":"https:\/\/vientosur.unla.edu.ar\/index.php\/feria-de-luthiers\/#article","isPartOf":{"@id":"https:\/\/vientosur.unla.edu.ar\/index.php\/feria-de-luthiers\/"},"author":{"name":"Viento Sur","@id":"https:\/\/vientosur.unla.edu.ar\/#\/schema\/person\/ac10c9665e7a647683017bc331817e5a"},"headline":"Feria de Luthiers","datePublished":"2016-12-21T18:04:22+00:00","dateModified":"2017-09-11T20:56:01+00:00","mainEntityOfPage":{"@id":"https:\/\/vientosur.unla.edu.ar\/index.php\/feria-de-luthiers\/"},"wordCount":391,"commentCount":0,"image":{"@id":"https:\/\/vientosur.unla.edu.ar\/index.php\/feria-de-luthiers\/#primaryimage"},"thumbnailUrl":"https:\/\/vientosur.unla.edu.ar\/wp-content\/uploads\/2016\/12\/5.feria-luthiers.jpg","articleSection":["Eventos","N\u00famero 14"],"inLanguage":"es","potentialAction":[{"@type":"CommentAction","name":"Comment","target":["https:\/\/vientosur.unla.edu.ar\/index.php\/feria-de-luthiers\/#respond"]}]},{"@type":"WebPage","@id":"https:\/\/vientosur.unla.edu.ar\/index.php\/feria-de-luthiers\/","url":"https:\/\/vientosur.unla.edu.ar\/index.php\/feria-de-luthiers\/","name":"Feria de Luthiers - Viento Sur","isPartOf":{"@id":"https:\/\/vientosur.unla.edu.ar\/#website"},"primaryImageOfPage":{"@id":"https:\/\/vientosur.unla.edu.ar\/index.php\/feria-de-luthiers\/#primaryimage"},"image":{"@id":"https:\/\/vientosur.unla.edu.ar\/index.php\/feria-de-luthiers\/#primaryimage"},"thumbnailUrl":"https:\/\/vientosur.unla.edu.ar\/wp-content\/uploads\/2016\/12\/5.feria-luthiers.jpg","datePublished":"2016-12-21T18:04:22+00:00","dateModified":"2017-09-11T20:56:01+00:00","author":{"@id":"https:\/\/vientosur.unla.edu.ar\/#\/schema\/person\/ac10c9665e7a647683017bc331817e5a"},"breadcrumb":{"@id":"https:\/\/vientosur.unla.edu.ar\/index.php\/feria-de-luthiers\/#breadcrumb"},"inLanguage":"es","potentialAction":[{"@type":"ReadAction","target":["https:\/\/vientosur.unla.edu.ar\/index.php\/feria-de-luthiers\/"]}]},{"@type":"ImageObject","inLanguage":"es","@id":"https:\/\/vientosur.unla.edu.ar\/index.php\/feria-de-luthiers\/#primaryimage","url":"https:\/\/vientosur.unla.edu.ar\/wp-content\/uploads\/2016\/12\/5.feria-luthiers.jpg","contentUrl":"https:\/\/vientosur.unla.edu.ar\/wp-content\/uploads\/2016\/12\/5.feria-luthiers.jpg","width":2048,"height":1365},{"@type":"BreadcrumbList","@id":"https:\/\/vientosur.unla.edu.ar\/index.php\/feria-de-luthiers\/#breadcrumb","itemListElement":[{"@type":"ListItem","position":1,"name":"Portada","item":"https:\/\/vientosur.unla.edu.ar\/"},{"@type":"ListItem","position":2,"name":"Feria de Luthiers"}]},{"@type":"WebSite","@id":"https:\/\/vientosur.unla.edu.ar\/#website","url":"https:\/\/vientosur.unla.edu.ar\/","name":"Viento Sur","description":"Revista institucional de la Universidad Nacional de Lan\u00fas","potentialAction":[{"@type":"SearchAction","target":{"@type":"EntryPoint","urlTemplate":"https:\/\/vientosur.unla.edu.ar\/?s={search_term_string}"},"query-input":{"@type":"PropertyValueSpecification","valueRequired":true,"valueName":"search_term_string"}}],"inLanguage":"es"},{"@type":"Person","@id":"https:\/\/vientosur.unla.edu.ar\/#\/schema\/person\/ac10c9665e7a647683017bc331817e5a","name":"Viento Sur","description":"Revista institucional de la Universidad Nacional de Lan\u00fas.","sameAs":["http:\/\/vientosur.unla.edu.ar"],"url":"https:\/\/vientosur.unla.edu.ar\/index.php\/author\/viento-sur\/"}]}},"_links":{"self":[{"href":"https:\/\/vientosur.unla.edu.ar\/index.php\/wp-json\/wp\/v2\/posts\/426","targetHints":{"allow":["GET"]}}],"collection":[{"href":"https:\/\/vientosur.unla.edu.ar\/index.php\/wp-json\/wp\/v2\/posts"}],"about":[{"href":"https:\/\/vientosur.unla.edu.ar\/index.php\/wp-json\/wp\/v2\/types\/post"}],"author":[{"embeddable":true,"href":"https:\/\/vientosur.unla.edu.ar\/index.php\/wp-json\/wp\/v2\/users\/3"}],"replies":[{"embeddable":true,"href":"https:\/\/vientosur.unla.edu.ar\/index.php\/wp-json\/wp\/v2\/comments?post=426"}],"version-history":[{"count":1,"href":"https:\/\/vientosur.unla.edu.ar\/index.php\/wp-json\/wp\/v2\/posts\/426\/revisions"}],"predecessor-version":[{"id":427,"href":"https:\/\/vientosur.unla.edu.ar\/index.php\/wp-json\/wp\/v2\/posts\/426\/revisions\/427"}],"wp:featuredmedia":[{"embeddable":true,"href":"https:\/\/vientosur.unla.edu.ar\/index.php\/wp-json\/wp\/v2\/media\/584"}],"wp:attachment":[{"href":"https:\/\/vientosur.unla.edu.ar\/index.php\/wp-json\/wp\/v2\/media?parent=426"}],"wp:term":[{"taxonomy":"category","embeddable":true,"href":"https:\/\/vientosur.unla.edu.ar\/index.php\/wp-json\/wp\/v2\/categories?post=426"},{"taxonomy":"post_tag","embeddable":true,"href":"https:\/\/vientosur.unla.edu.ar\/index.php\/wp-json\/wp\/v2\/tags?post=426"},{"taxonomy":"author","embeddable":true,"href":"https:\/\/vientosur.unla.edu.ar\/index.php\/wp-json\/wp\/v2\/coauthors?post=426"}],"curies":[{"name":"wp","href":"https:\/\/api.w.org\/{rel}","templated":true}]}}