{"id":4586,"date":"2020-12-15T10:06:18","date_gmt":"2020-12-15T13:06:18","guid":{"rendered":"http:\/\/vientosur.unla.edu.ar\/?p=4586"},"modified":"2020-12-22T11:39:02","modified_gmt":"2020-12-22T14:39:02","slug":"la-dra-ana-jaramillo-sigue-al-frente-de-la-unla","status":"publish","type":"post","link":"https:\/\/vientosur.unla.edu.ar\/index.php\/la-dra-ana-jaramillo-sigue-al-frente-de-la-unla\/","title":{"rendered":"La Dra. Ana Jaramillo sigue al frente de la UNLa"},"content":{"rendered":"\n<p class=\"wp-block-paragraph\">Ana Jaramillo fue reelecta en su cargo de rectora de la Universidad Nacional de Lan\u00fas, durante la asamblea universitaria que se celebr\u00f3 este lunes v\u00eda ZOOM. En el encuentro tambi\u00e9n fue elegido Pablo Narvaja como vicerrector, luego de que Nerio Neirotti se jubilara en su cargo.<\/p>\n\n\n\n<p class=\"wp-block-paragraph\">\u201cGracias a todos y todas por la confianza y por haber votado por mi continuidad. Lo que tenemos ac\u00e1 est\u00e1 basado en cinco leyes sancionadas para que nos donaran el predio. Pero tambi\u00e9n estamos sentados sobre un ferricidio, en el que desaparecieron los trenes y 70 ferroviarios. Por eso, vamos a seguir haciendo lo que tenemos que hacer, transformando el futuro y construyendo una realidad que no sea tan injusta\u201d, expres\u00f3 Jaramillo.<\/p>\n\n\n\n<p class=\"wp-block-paragraph\">Asimismo, pidi\u00f3 a los miembros presentes que contin\u00faen brindando el aporte solidario destinado a becas estudiantiles y agradeci\u00f3 la labor de los voluntarios.<\/p>\n\n\n\n<p class=\"wp-block-paragraph\">\u201cNuestra obligaci\u00f3n es traer futuro por eso les pido que sigamos aportando para aquellas personas que no pueden venir a la universidad, aunque sea gratuita. Adem\u00e1s, quiero agradecerles a los 150 voluntarios que llevaron alimentos, juguetes, libros, y dem\u00e1s durante la pandemia\u201d, agreg\u00f3.<\/p>\n\n\n\n<p class=\"wp-block-paragraph\">Finalmente, Jaramillo tom\u00f3 juramento a las autoridades electas recientemente:<\/p>\n\n\n\n<p class=\"wp-block-paragraph\">Mar\u00eda Elena Boschi, directora del Departamento de Salud Comunitaria;<\/p>\n\n\n\n<p class=\"wp-block-paragraph\">Francisco Pestanha, director del Departamento de Pol\u00edticas P\u00fablicas y Gobierno;<\/p>\n\n\n\n<p class=\"wp-block-paragraph\">Daniel Bozzani, director del Departamento de Humanidades y Artes;<\/p>\n\n\n\n<p class=\"wp-block-paragraph\">Indalecio Gonz\u00e1lez Berg\u00e9z, Secretario Jefe de Gabinete;<\/p>\n\n\n\n<p class=\"wp-block-paragraph\">Valeria Su\u00e1rez, Secretaria Acad\u00e9mica;<\/p>\n\n\n\n<p class=\"wp-block-paragraph\">Gina Hern\u00e1ndez, Secretaria de Cooperaci\u00f3n y Servicio P\u00fablico;<\/p>\n\n\n\n<p class=\"wp-block-paragraph\">Santiago Hern\u00e1ndez, Secretario de Bienestar y Compromiso Universitario;<\/p>\n\n\n\n<p class=\"wp-block-paragraph\">Aritz Recalde, Secretario de Investigaci\u00f3n y Posgrado;<\/p>\n\n\n\n<p class=\"wp-block-paragraph\">Enrique Deibe, Secretario de Vinculaci\u00f3n Tecnol\u00f3gica y Democratizaci\u00f3n Cient\u00edfica;<\/p>\n\n\n\n<p class=\"wp-block-paragraph\">Guillermo Grosskopf, Secretario de Administraci\u00f3n;<\/p>\n\n\n\n<p class=\"wp-block-paragraph\">Edgardo Guevara, Secretario de Asuntos Jur\u00eddicos e Institucionales.<\/p>\n","protected":false},"excerpt":{"rendered":"<p>Ana Jaramillo fue reelecta en su cargo de rectora de la Universidad Nacional de Lan\u00fas, durante la asamblea universitaria que se celebr\u00f3 este lunes v\u00eda ZOOM. En el encuentro tambi\u00e9n fue elegido Pablo Narvaja como vicerrector, luego de que Nerio Neirotti se jubilara en su cargo. \u201cGracias a todos y todas por la confianza y [&hellip;]<\/p>\n","protected":false},"author":3,"featured_media":4587,"comment_status":"open","ping_status":"closed","sticky":true,"template":"","format":"standard","meta":{"_monsterinsights_skip_tracking":false,"footnotes":""},"categories":[155,59],"tags":[],"coauthors":[29],"class_list":["post-4586","post","type-post","status-publish","format-standard","has-post-thumbnail","category-destacados","category-territorio-unla"],"yoast_head":"<!-- This site is optimized with the Yoast SEO plugin v28.2 - https:\/\/yoast.com\/product\/yoast-seo-wordpress\/ -->\n<title>La Dra. Ana Jaramillo sigue al frente de la UNLa - Viento Sur<\/title>\n<meta name=\"robots\" content=\"index, follow, max-snippet:-1, max-image-preview:large, max-video-preview:-1\" \/>\n<link rel=\"canonical\" href=\"https:\/\/vientosur.unla.edu.ar\/index.php\/la-dra-ana-jaramillo-sigue-al-frente-de-la-unla\/\" \/>\n<meta property=\"og:locale\" content=\"es_ES\" \/>\n<meta property=\"og:type\" content=\"article\" \/>\n<meta property=\"og:title\" content=\"La Dra. Ana Jaramillo sigue al frente de la UNLa - Viento Sur\" \/>\n<meta property=\"og:description\" content=\"Ana Jaramillo fue reelecta en su cargo de rectora de la Universidad Nacional de Lan\u00fas, durante la asamblea universitaria que se celebr\u00f3 este lunes v\u00eda ZOOM. En el encuentro tambi\u00e9n fue elegido Pablo Narvaja como vicerrector, luego de que Nerio Neirotti se jubilara en su cargo. \u201cGracias a todos y todas por la confianza y [&hellip;]\" \/>\n<meta property=\"og:url\" content=\"https:\/\/vientosur.unla.edu.ar\/index.php\/la-dra-ana-jaramillo-sigue-al-frente-de-la-unla\/\" \/>\n<meta property=\"og:site_name\" content=\"Viento Sur\" \/>\n<meta property=\"article:published_time\" content=\"2020-12-15T13:06:18+00:00\" \/>\n<meta property=\"article:modified_time\" content=\"2020-12-22T14:39:02+00:00\" \/>\n<meta property=\"og:image\" content=\"https:\/\/vientosur.unla.edu.ar\/wp-content\/uploads\/2020\/12\/Screenshot_2020-12-14-Asamblea-Universitaria-UNLa-14-12-20202.jpg\" \/>\n\t<meta property=\"og:image:width\" content=\"1266\" \/>\n\t<meta property=\"og:image:height\" content=\"670\" \/>\n\t<meta property=\"og:image:type\" content=\"image\/jpeg\" \/>\n<meta name=\"author\" content=\"Viento Sur\" \/>\n<meta name=\"twitter:card\" content=\"summary_large_image\" \/>\n<meta name=\"twitter:label1\" content=\"Escrito por\" \/>\n\t<meta name=\"twitter:data1\" content=\"Viento Sur\" \/>\n\t<meta name=\"twitter:label2\" content=\"Tiempo de lectura\" \/>\n\t<meta name=\"twitter:data2\" content=\"2 minutos\" \/>\n\t<meta name=\"twitter:label3\" content=\"Written by\" \/>\n\t<meta name=\"twitter:data3\" content=\"Viento Sur\" \/>\n<script type=\"application\/ld+json\" class=\"yoast-schema-graph\">{\"@context\":\"https:\\\/\\\/schema.org\",\"@graph\":[{\"@type\":\"Article\",\"@id\":\"https:\\\/\\\/vientosur.unla.edu.ar\\\/index.php\\\/la-dra-ana-jaramillo-sigue-al-frente-de-la-unla\\\/#article\",\"isPartOf\":{\"@id\":\"https:\\\/\\\/vientosur.unla.edu.ar\\\/index.php\\\/la-dra-ana-jaramillo-sigue-al-frente-de-la-unla\\\/\"},\"author\":{\"name\":\"Viento Sur\",\"@id\":\"https:\\\/\\\/vientosur.unla.edu.ar\\\/#\\\/schema\\\/person\\\/ac10c9665e7a647683017bc331817e5a\"},\"headline\":\"La Dra. Ana Jaramillo sigue al frente de la UNLa\",\"datePublished\":\"2020-12-15T13:06:18+00:00\",\"dateModified\":\"2020-12-22T14:39:02+00:00\",\"mainEntityOfPage\":{\"@id\":\"https:\\\/\\\/vientosur.unla.edu.ar\\\/index.php\\\/la-dra-ana-jaramillo-sigue-al-frente-de-la-unla\\\/\"},\"wordCount\":311,\"commentCount\":0,\"image\":{\"@id\":\"https:\\\/\\\/vientosur.unla.edu.ar\\\/index.php\\\/la-dra-ana-jaramillo-sigue-al-frente-de-la-unla\\\/#primaryimage\"},\"thumbnailUrl\":\"https:\\\/\\\/vientosur.unla.edu.ar\\\/wp-content\\\/uploads\\\/2020\\\/12\\\/Screenshot_2020-12-14-Asamblea-Universitaria-UNLa-14-12-20202.jpg\",\"articleSection\":[\"Destacados\",\"Territorio\\\/UNLa\"],\"inLanguage\":\"es\",\"potentialAction\":[{\"@type\":\"CommentAction\",\"name\":\"Comment\",\"target\":[\"https:\\\/\\\/vientosur.unla.edu.ar\\\/index.php\\\/la-dra-ana-jaramillo-sigue-al-frente-de-la-unla\\\/#respond\"]}]},{\"@type\":\"WebPage\",\"@id\":\"https:\\\/\\\/vientosur.unla.edu.ar\\\/index.php\\\/la-dra-ana-jaramillo-sigue-al-frente-de-la-unla\\\/\",\"url\":\"https:\\\/\\\/vientosur.unla.edu.ar\\\/index.php\\\/la-dra-ana-jaramillo-sigue-al-frente-de-la-unla\\\/\",\"name\":\"La Dra. Ana Jaramillo sigue al frente de la UNLa - Viento Sur\",\"isPartOf\":{\"@id\":\"https:\\\/\\\/vientosur.unla.edu.ar\\\/#website\"},\"primaryImageOfPage\":{\"@id\":\"https:\\\/\\\/vientosur.unla.edu.ar\\\/index.php\\\/la-dra-ana-jaramillo-sigue-al-frente-de-la-unla\\\/#primaryimage\"},\"image\":{\"@id\":\"https:\\\/\\\/vientosur.unla.edu.ar\\\/index.php\\\/la-dra-ana-jaramillo-sigue-al-frente-de-la-unla\\\/#primaryimage\"},\"thumbnailUrl\":\"https:\\\/\\\/vientosur.unla.edu.ar\\\/wp-content\\\/uploads\\\/2020\\\/12\\\/Screenshot_2020-12-14-Asamblea-Universitaria-UNLa-14-12-20202.jpg\",\"datePublished\":\"2020-12-15T13:06:18+00:00\",\"dateModified\":\"2020-12-22T14:39:02+00:00\",\"author\":{\"@id\":\"https:\\\/\\\/vientosur.unla.edu.ar\\\/#\\\/schema\\\/person\\\/ac10c9665e7a647683017bc331817e5a\"},\"breadcrumb\":{\"@id\":\"https:\\\/\\\/vientosur.unla.edu.ar\\\/index.php\\\/la-dra-ana-jaramillo-sigue-al-frente-de-la-unla\\\/#breadcrumb\"},\"inLanguage\":\"es\",\"potentialAction\":[{\"@type\":\"ReadAction\",\"target\":[\"https:\\\/\\\/vientosur.unla.edu.ar\\\/index.php\\\/la-dra-ana-jaramillo-sigue-al-frente-de-la-unla\\\/\"]}]},{\"@type\":\"ImageObject\",\"inLanguage\":\"es\",\"@id\":\"https:\\\/\\\/vientosur.unla.edu.ar\\\/index.php\\\/la-dra-ana-jaramillo-sigue-al-frente-de-la-unla\\\/#primaryimage\",\"url\":\"https:\\\/\\\/vientosur.unla.edu.ar\\\/wp-content\\\/uploads\\\/2020\\\/12\\\/Screenshot_2020-12-14-Asamblea-Universitaria-UNLa-14-12-20202.jpg\",\"contentUrl\":\"https:\\\/\\\/vientosur.unla.edu.ar\\\/wp-content\\\/uploads\\\/2020\\\/12\\\/Screenshot_2020-12-14-Asamblea-Universitaria-UNLa-14-12-20202.jpg\",\"width\":1266,\"height\":670},{\"@type\":\"BreadcrumbList\",\"@id\":\"https:\\\/\\\/vientosur.unla.edu.ar\\\/index.php\\\/la-dra-ana-jaramillo-sigue-al-frente-de-la-unla\\\/#breadcrumb\",\"itemListElement\":[{\"@type\":\"ListItem\",\"position\":1,\"name\":\"Portada\",\"item\":\"https:\\\/\\\/vientosur.unla.edu.ar\\\/\"},{\"@type\":\"ListItem\",\"position\":2,\"name\":\"La Dra. Ana Jaramillo sigue al frente de la UNLa\"}]},{\"@type\":\"WebSite\",\"@id\":\"https:\\\/\\\/vientosur.unla.edu.ar\\\/#website\",\"url\":\"https:\\\/\\\/vientosur.unla.edu.ar\\\/\",\"name\":\"Viento Sur\",\"description\":\"Revista institucional de la Universidad Nacional de Lan\u00fas\",\"potentialAction\":[{\"@type\":\"SearchAction\",\"target\":{\"@type\":\"EntryPoint\",\"urlTemplate\":\"https:\\\/\\\/vientosur.unla.edu.ar\\\/?s={search_term_string}\"},\"query-input\":{\"@type\":\"PropertyValueSpecification\",\"valueRequired\":true,\"valueName\":\"search_term_string\"}}],\"inLanguage\":\"es\"},{\"@type\":\"Person\",\"@id\":\"https:\\\/\\\/vientosur.unla.edu.ar\\\/#\\\/schema\\\/person\\\/ac10c9665e7a647683017bc331817e5a\",\"name\":\"Viento Sur\",\"description\":\"Revista institucional de la Universidad Nacional de Lan\u00fas.\",\"sameAs\":[\"http:\\\/\\\/vientosur.unla.edu.ar\"],\"url\":\"https:\\\/\\\/vientosur.unla.edu.ar\\\/index.php\\\/author\\\/viento-sur\\\/\"}]}<\/script>\n<!-- \/ Yoast SEO plugin. -->","yoast_head_json":{"title":"La Dra. Ana Jaramillo sigue al frente de la UNLa - Viento Sur","robots":{"index":"index","follow":"follow","max-snippet":"max-snippet:-1","max-image-preview":"max-image-preview:large","max-video-preview":"max-video-preview:-1"},"canonical":"https:\/\/vientosur.unla.edu.ar\/index.php\/la-dra-ana-jaramillo-sigue-al-frente-de-la-unla\/","og_locale":"es_ES","og_type":"article","og_title":"La Dra. Ana Jaramillo sigue al frente de la UNLa - Viento Sur","og_description":"Ana Jaramillo fue reelecta en su cargo de rectora de la Universidad Nacional de Lan\u00fas, durante la asamblea universitaria que se celebr\u00f3 este lunes v\u00eda ZOOM. En el encuentro tambi\u00e9n fue elegido Pablo Narvaja como vicerrector, luego de que Nerio Neirotti se jubilara en su cargo. \u201cGracias a todos y todas por la confianza y [&hellip;]","og_url":"https:\/\/vientosur.unla.edu.ar\/index.php\/la-dra-ana-jaramillo-sigue-al-frente-de-la-unla\/","og_site_name":"Viento Sur","article_published_time":"2020-12-15T13:06:18+00:00","article_modified_time":"2020-12-22T14:39:02+00:00","og_image":[{"width":1266,"height":670,"url":"https:\/\/vientosur.unla.edu.ar\/wp-content\/uploads\/2020\/12\/Screenshot_2020-12-14-Asamblea-Universitaria-UNLa-14-12-20202.jpg","type":"image\/jpeg"}],"author":"Viento Sur","twitter_card":"summary_large_image","twitter_misc":{"Escrito por":"Viento Sur","Tiempo de lectura":"2 minutos","Written by":"Viento Sur"},"schema":{"@context":"https:\/\/schema.org","@graph":[{"@type":"Article","@id":"https:\/\/vientosur.unla.edu.ar\/index.php\/la-dra-ana-jaramillo-sigue-al-frente-de-la-unla\/#article","isPartOf":{"@id":"https:\/\/vientosur.unla.edu.ar\/index.php\/la-dra-ana-jaramillo-sigue-al-frente-de-la-unla\/"},"author":{"name":"Viento Sur","@id":"https:\/\/vientosur.unla.edu.ar\/#\/schema\/person\/ac10c9665e7a647683017bc331817e5a"},"headline":"La Dra. Ana Jaramillo sigue al frente de la UNLa","datePublished":"2020-12-15T13:06:18+00:00","dateModified":"2020-12-22T14:39:02+00:00","mainEntityOfPage":{"@id":"https:\/\/vientosur.unla.edu.ar\/index.php\/la-dra-ana-jaramillo-sigue-al-frente-de-la-unla\/"},"wordCount":311,"commentCount":0,"image":{"@id":"https:\/\/vientosur.unla.edu.ar\/index.php\/la-dra-ana-jaramillo-sigue-al-frente-de-la-unla\/#primaryimage"},"thumbnailUrl":"https:\/\/vientosur.unla.edu.ar\/wp-content\/uploads\/2020\/12\/Screenshot_2020-12-14-Asamblea-Universitaria-UNLa-14-12-20202.jpg","articleSection":["Destacados","Territorio\/UNLa"],"inLanguage":"es","potentialAction":[{"@type":"CommentAction","name":"Comment","target":["https:\/\/vientosur.unla.edu.ar\/index.php\/la-dra-ana-jaramillo-sigue-al-frente-de-la-unla\/#respond"]}]},{"@type":"WebPage","@id":"https:\/\/vientosur.unla.edu.ar\/index.php\/la-dra-ana-jaramillo-sigue-al-frente-de-la-unla\/","url":"https:\/\/vientosur.unla.edu.ar\/index.php\/la-dra-ana-jaramillo-sigue-al-frente-de-la-unla\/","name":"La Dra. Ana Jaramillo sigue al frente de la UNLa - Viento Sur","isPartOf":{"@id":"https:\/\/vientosur.unla.edu.ar\/#website"},"primaryImageOfPage":{"@id":"https:\/\/vientosur.unla.edu.ar\/index.php\/la-dra-ana-jaramillo-sigue-al-frente-de-la-unla\/#primaryimage"},"image":{"@id":"https:\/\/vientosur.unla.edu.ar\/index.php\/la-dra-ana-jaramillo-sigue-al-frente-de-la-unla\/#primaryimage"},"thumbnailUrl":"https:\/\/vientosur.unla.edu.ar\/wp-content\/uploads\/2020\/12\/Screenshot_2020-12-14-Asamblea-Universitaria-UNLa-14-12-20202.jpg","datePublished":"2020-12-15T13:06:18+00:00","dateModified":"2020-12-22T14:39:02+00:00","author":{"@id":"https:\/\/vientosur.unla.edu.ar\/#\/schema\/person\/ac10c9665e7a647683017bc331817e5a"},"breadcrumb":{"@id":"https:\/\/vientosur.unla.edu.ar\/index.php\/la-dra-ana-jaramillo-sigue-al-frente-de-la-unla\/#breadcrumb"},"inLanguage":"es","potentialAction":[{"@type":"ReadAction","target":["https:\/\/vientosur.unla.edu.ar\/index.php\/la-dra-ana-jaramillo-sigue-al-frente-de-la-unla\/"]}]},{"@type":"ImageObject","inLanguage":"es","@id":"https:\/\/vientosur.unla.edu.ar\/index.php\/la-dra-ana-jaramillo-sigue-al-frente-de-la-unla\/#primaryimage","url":"https:\/\/vientosur.unla.edu.ar\/wp-content\/uploads\/2020\/12\/Screenshot_2020-12-14-Asamblea-Universitaria-UNLa-14-12-20202.jpg","contentUrl":"https:\/\/vientosur.unla.edu.ar\/wp-content\/uploads\/2020\/12\/Screenshot_2020-12-14-Asamblea-Universitaria-UNLa-14-12-20202.jpg","width":1266,"height":670},{"@type":"BreadcrumbList","@id":"https:\/\/vientosur.unla.edu.ar\/index.php\/la-dra-ana-jaramillo-sigue-al-frente-de-la-unla\/#breadcrumb","itemListElement":[{"@type":"ListItem","position":1,"name":"Portada","item":"https:\/\/vientosur.unla.edu.ar\/"},{"@type":"ListItem","position":2,"name":"La Dra. Ana Jaramillo sigue al frente de la UNLa"}]},{"@type":"WebSite","@id":"https:\/\/vientosur.unla.edu.ar\/#website","url":"https:\/\/vientosur.unla.edu.ar\/","name":"Viento Sur","description":"Revista institucional de la Universidad Nacional de Lan\u00fas","potentialAction":[{"@type":"SearchAction","target":{"@type":"EntryPoint","urlTemplate":"https:\/\/vientosur.unla.edu.ar\/?s={search_term_string}"},"query-input":{"@type":"PropertyValueSpecification","valueRequired":true,"valueName":"search_term_string"}}],"inLanguage":"es"},{"@type":"Person","@id":"https:\/\/vientosur.unla.edu.ar\/#\/schema\/person\/ac10c9665e7a647683017bc331817e5a","name":"Viento Sur","description":"Revista institucional de la Universidad Nacional de Lan\u00fas.","sameAs":["http:\/\/vientosur.unla.edu.ar"],"url":"https:\/\/vientosur.unla.edu.ar\/index.php\/author\/viento-sur\/"}]}},"_links":{"self":[{"href":"https:\/\/vientosur.unla.edu.ar\/index.php\/wp-json\/wp\/v2\/posts\/4586","targetHints":{"allow":["GET"]}}],"collection":[{"href":"https:\/\/vientosur.unla.edu.ar\/index.php\/wp-json\/wp\/v2\/posts"}],"about":[{"href":"https:\/\/vientosur.unla.edu.ar\/index.php\/wp-json\/wp\/v2\/types\/post"}],"author":[{"embeddable":true,"href":"https:\/\/vientosur.unla.edu.ar\/index.php\/wp-json\/wp\/v2\/users\/3"}],"replies":[{"embeddable":true,"href":"https:\/\/vientosur.unla.edu.ar\/index.php\/wp-json\/wp\/v2\/comments?post=4586"}],"version-history":[{"count":1,"href":"https:\/\/vientosur.unla.edu.ar\/index.php\/wp-json\/wp\/v2\/posts\/4586\/revisions"}],"predecessor-version":[{"id":4588,"href":"https:\/\/vientosur.unla.edu.ar\/index.php\/wp-json\/wp\/v2\/posts\/4586\/revisions\/4588"}],"wp:featuredmedia":[{"embeddable":true,"href":"https:\/\/vientosur.unla.edu.ar\/index.php\/wp-json\/wp\/v2\/media\/4587"}],"wp:attachment":[{"href":"https:\/\/vientosur.unla.edu.ar\/index.php\/wp-json\/wp\/v2\/media?parent=4586"}],"wp:term":[{"taxonomy":"category","embeddable":true,"href":"https:\/\/vientosur.unla.edu.ar\/index.php\/wp-json\/wp\/v2\/categories?post=4586"},{"taxonomy":"post_tag","embeddable":true,"href":"https:\/\/vientosur.unla.edu.ar\/index.php\/wp-json\/wp\/v2\/tags?post=4586"},{"taxonomy":"author","embeddable":true,"href":"https:\/\/vientosur.unla.edu.ar\/index.php\/wp-json\/wp\/v2\/coauthors?post=4586"}],"curies":[{"name":"wp","href":"https:\/\/api.w.org\/{rel}","templated":true}]}}