{"id":4687,"date":"2020-12-22T13:17:54","date_gmt":"2020-12-22T16:17:54","guid":{"rendered":"http:\/\/vientosur.unla.edu.ar\/?p=4687"},"modified":"2020-12-22T13:17:56","modified_gmt":"2020-12-22T16:17:56","slug":"figuras-de-la-patria-grande","status":"publish","type":"post","link":"https:\/\/vientosur.unla.edu.ar\/index.php\/figuras-de-la-patria-grande\/","title":{"rendered":"Figuras de la Patria Grande"},"content":{"rendered":"\n<p>Es otro viejo amigo de la Universidad, art\u00edfice de las esculturas del \u201cChe\u201d Guevara, Bol\u00edvar, San Mart\u00edn y Artigas que pueblan el Parque Escult\u00f3rico Latinoamericano, a las puertas del edificio Scalabrini Ortiz; tambi\u00e9n de la escultura multicolorida en cuya terminaci\u00f3n Ram\u00edrez invit\u00f3 a participar a la comunidad universitaria, simbolizando un puente entre la UNLa y el Uruguay que responde a uno de sus objetivos est\u00e9ticos y vitales: \u201cquiero con mi arte crear puentes culturales entre las personas\u201d.<\/p>\n\n\n\n<p>Esta vez el artista uruguayo Gonzalo Ram\u00edrez pas\u00f3 unos d\u00edas del verano pasado trabajando en la sede de Patrimonio Hist\u00f3rico del campus en las figuras de otros tres h\u00e9roes de la Patria Grande: el mexicano Emiliano Zapata, el nicarag\u00fcense Augusto C\u00e9sar Sandino y T\u00fapac Amaru, el caudillo ind\u00edgena y l\u00edder de la mayor rebeli\u00f3n anticolonial en Hispanoam\u00e9rica durante el siglo XVIII.<\/p>\n\n\n\n<p>Para venir a la UNLa Ram\u00edrez hizo una pausa en su trabajo art\u00edstico que durante el \u00faltimo tiempo lo ha llevado a compartir su casa y atelier en la Barra de Maldonado, Uruguay, con largas estancias en Mil\u00e1n y Venecia y la inauguraci\u00f3n de una importante muestra en Lisboa, Portugal, a fines de 2019. \u201cGracias a las estancias en Italia fui invitado a dos Bienales de Venecia -cuenta Ram\u00edrez-. En esa ciudad hicimos una especie de convenio con un hotel sobre el Gran Canal para instalar all\u00ed unas esculturas\u201d. En Mil\u00e1n expuso la muestra \u201cAtl\u00e1ntico Sur\u201d en el Consulado General de Uruguay, compuesta por diez esculturas en acero concebidas como modelos reproducibles en gran escala para ser instaladas en espacios externos, a la manera de su \u201cCircuito de esculturas\u201d de Punta del Este.<\/p>\n\n\n\n<p>\u201cVolv\u00ed este a\u00f1o a Lisboa -sigue contando-, con la muestra \u2018Del otro lado del espacio\u2019 en la sede del Instituto Cervantes, que hace referencia un poco a la parte espiritual del arte, eso que en el arte actual ya no es tan importante como es el mensaje de la obra, la intenci\u00f3n del artista, a trav\u00e9s de una escultura cl\u00e1sica. Para esta muestra escrib\u00ed un texto que dice \u2018Los vientos que mueven al hombre alrededor del mundo surcando los oc\u00e9anos son los mismos que nos mueven por el mar de la espiritualidad transportados en la nave del arte\u2019. Estaba trabajando en eso cuando se puso en contacto conmigo la rectora Ana Jaramillo para venir a aportar al Parque Latinoamericano que venimos desarrollando. \u2018Si te interesa acompa\u00f1arnos\u2026\u2019 me dijo, y me vine para ac\u00e1, a aportar mi trabajo <em>ad honorem<\/em>\u201d.<\/p>\n\n\n\n<p><strong>\u00bfC\u00f3mo encar\u00e1s la producci\u00f3n de las esculturas para el Parque Latinoamericano?<\/strong><strong><\/strong><\/p>\n\n\n\n<p>Las hacemos con Daniel L\u00f3pez y la gente de Patrimonio Hist\u00f3rico, con una t\u00e9cnica similar a la que utilizamos para hacer las del \u201cChe\u201d, San Mart\u00edn, Bol\u00edvar, Artigas\u2026 Lo dise\u00f1amos, despu\u00e9s se rectifica el dise\u00f1o, se plotea y se pasa una matriz y por \u00faltimo a una chapa, de la cual se cortan las esculturas.<\/p>\n\n\n\n<p><strong>\u00bfEstabas trabajando alguna tem\u00e1tica en especial en Lisboa?<\/strong><strong><\/strong><\/p>\n\n\n\n<p>Ahora estoy trabajando en el tema de las velas, de los vientos, de los mares. Coincide porque no son cosas premeditadas, pero un diario de Lisboa me hizo una nota a orillas del r\u00edo Tejo, en un lugar donde hay un puente gigantesco. Quedamos con el periodista y el fot\u00f3grafo en vernos un viernes a las 9 de la ma\u00f1ana, y de pronto empez\u00f3 a llover torrencialmente, con mucho viento. Hicimos las fotos junto al r\u00edo, simulando que las velas homenajeaban a los navegantes, y justo vino una ola y nos ba\u00f1\u00f3. Fue todo muy pintoresco, la experiencia de la nota, c\u00f3mo qued\u00f3 todo, como que tiene que ver con la aventura del mar. Ah\u00ed estoy en las fotos mostrando mis esculturas en acero inoxidable que semejan velas, en el puerto de Bel\u00e9n en Lisboa, justo el lugar de donde hace siglos partieron navegantes portugueses como Magallanes al descubrimiento del mundo. La tem\u00e1tica de los vientos expresa que esos vientos que nos impulsan a trav\u00e9s de los mares, en mi caso me mueven a trav\u00e9s del mar de la espiritualidad, mi nave es la nave del arte.<\/p>\n\n\n\n<p><strong>Puede decirse que te est\u00e1 yendo bien en el extranjero\u2026<\/strong><strong><\/strong><\/p>\n\n\n\n<p>Siento que hay un respeto. En el R\u00edo de la Plata de ac\u00e1 al lado hay una especie de destrato, antes que nada porque se considera que sos un osado por ser artista y pretender vivir del arte. He sufrido unos cuantos agravios, hace un tiempo me robaron obras de una galer\u00eda que estaba afuera, en pleno Punta del Este, cosas raras. En el mundo en que vivimos hay gente que se mueve con tanta impunidad que de vez en cuando hay que denunciar cosas dentro del marco de la justicia.<\/p>\n","protected":false},"excerpt":{"rendered":"<p>Es otro viejo amigo de la Universidad, art\u00edfice de las esculturas del \u201cChe\u201d Guevara, Bol\u00edvar, San Mart\u00edn y Artigas que pueblan el Parque Escult\u00f3rico Latinoamericano, a las puertas del edificio Scalabrini Ortiz; tambi\u00e9n de la escultura multicolorida en cuya terminaci\u00f3n Ram\u00edrez invit\u00f3 a participar a la comunidad universitaria, simbolizando un puente entre la UNLa y [&hellip;]<\/p>\n","protected":false},"author":3,"featured_media":4688,"comment_status":"open","ping_status":"closed","sticky":true,"template":"","format":"standard","meta":{"_monsterinsights_skip_tracking":false,"_monsterinsights_sitenote_active":false,"_monsterinsights_sitenote_note":"","_monsterinsights_sitenote_category":0},"categories":[54,690,59],"tags":[],"coauthors":[29],"_links":{"self":[{"href":"https:\/\/vientosur.unla.edu.ar\/index.php\/wp-json\/wp\/v2\/posts\/4687"}],"collection":[{"href":"https:\/\/vientosur.unla.edu.ar\/index.php\/wp-json\/wp\/v2\/posts"}],"about":[{"href":"https:\/\/vientosur.unla.edu.ar\/index.php\/wp-json\/wp\/v2\/types\/post"}],"author":[{"embeddable":true,"href":"https:\/\/vientosur.unla.edu.ar\/index.php\/wp-json\/wp\/v2\/users\/3"}],"replies":[{"embeddable":true,"href":"https:\/\/vientosur.unla.edu.ar\/index.php\/wp-json\/wp\/v2\/comments?post=4687"}],"version-history":[{"count":1,"href":"https:\/\/vientosur.unla.edu.ar\/index.php\/wp-json\/wp\/v2\/posts\/4687\/revisions"}],"predecessor-version":[{"id":4689,"href":"https:\/\/vientosur.unla.edu.ar\/index.php\/wp-json\/wp\/v2\/posts\/4687\/revisions\/4689"}],"wp:featuredmedia":[{"embeddable":true,"href":"https:\/\/vientosur.unla.edu.ar\/index.php\/wp-json\/wp\/v2\/media\/4688"}],"wp:attachment":[{"href":"https:\/\/vientosur.unla.edu.ar\/index.php\/wp-json\/wp\/v2\/media?parent=4687"}],"wp:term":[{"taxonomy":"category","embeddable":true,"href":"https:\/\/vientosur.unla.edu.ar\/index.php\/wp-json\/wp\/v2\/categories?post=4687"},{"taxonomy":"post_tag","embeddable":true,"href":"https:\/\/vientosur.unla.edu.ar\/index.php\/wp-json\/wp\/v2\/tags?post=4687"},{"taxonomy":"author","embeddable":true,"href":"https:\/\/vientosur.unla.edu.ar\/index.php\/wp-json\/wp\/v2\/coauthors?post=4687"}],"curies":[{"name":"wp","href":"https:\/\/api.w.org\/{rel}","templated":true}]}}