{"id":5262,"date":"2021-08-20T10:00:00","date_gmt":"2021-08-20T13:00:00","guid":{"rendered":"http:\/\/vientosur.unla.edu.ar\/?p=5262"},"modified":"2021-09-07T10:52:04","modified_gmt":"2021-09-07T13:52:04","slug":"notas-sobre-el-pensamiento-colonial-e-imperial-en-argentina","status":"publish","type":"post","link":"https:\/\/vientosur.unla.edu.ar\/index.php\/notas-sobre-el-pensamiento-colonial-e-imperial-en-argentina\/","title":{"rendered":"Notas sobre el pensamiento colonial (e imperial) en Argentina"},"content":{"rendered":"\n<ol><li><em>Lejos de mi pa\u00eds, como en casa.&nbsp;<\/em><\/li><\/ol>\n\n\n\n<p>La ensayista Beatriz Sarlo (Buenos Aires, 1942) en una reciente entrevista (03-08-2021) realizada por el periodista Paulino Rodr\u00edguez del canal de TV por cable La Naci\u00f3n +, declar\u00f3: \u201clas islas Malvinas son \u201cterritorio brit\u00e1nico\u201d [..] \u201cCuando la gente dice \u2018las Malvinas son argentinas\u2019 no se sientan ni un minuto a pensar, si son argentinas, si no son argentinas, ni qu\u00e9 son las Malvinas. Galtieri mand\u00f3 militares a Malvinas y eso fue un acto nacional psic\u00f3tico\u201d [\u2026] \u201cReivindicando tierras que, aparentemente, fueron de la Argentina en la d\u00e9cada del 30 del siglo XIX&#8230; Es decir, cuando la Argentina a\u00fan no se llamaba Argentina. Cuando a\u00fan no estaba unificada como pa\u00eds. Cuando a\u00fan no ten\u00eda Constituci\u00f3n. Todav\u00eda hoy se agita eso cada vez que se quiere hacer cierta propaganda nacional\u201d.(1)<\/p>\n\n\n\n<p>No es la primera vez que Beatriz Sarlo se manifiesta a favor de la ocupaci\u00f3n colonial brit\u00e1nica en las Islas Malvinas Argentinas. En uno de sus libros publicado: <em>Viajes. De la Amazonia a Malvinas<\/em> (2012), en un cap\u00edtulo que ella titul\u00f3 \u201cUna extranjera en las islas\u201d, escribe: \u201cEntre los votantes, m\u00e1s de la mitad, casi un 70%, nombra su identidad como pueblo: isle\u00f1os de las Falklands (si se lo quiere traducir a una denominaci\u00f3n argentina: malvinenses). La nacionalidad argentina no aparece en estas opciones. Ser\u00eda extra\u00f1\u00edsimo que apareciera\u201d.(2)&nbsp;<\/p>\n\n\n\n<p>En este libro Sarlo se mueve como pez en el agua, con un registro que no es preciso ni busca serlo, por momentos habla como una cient\u00edfica, por momentos como una viajera amateur que se sorprende como una ni\u00f1a perdida en un territorio que parece desconocer: su propia Patria. Como suele ocurrir en otros libros de la autora (y de los autores ubicados en la corriente llamada \u201cde historia de las ideas en Argentina\u201d) esas divagaciones posmo-existencialistas son festejadas por los intelectuales, ciertamente son muy personales \u2013y superficiales- si uno las compara con las divagaciones de los autores que ellos admiran (Jean Paul Sartre \u2013 Albert Camus \u2013 Simone de Beauvoir). Lo cierto es que al menos estos franceses estuvieron debajo de las bombas alemanas en la Segunda Guerra, en otras palabras, esas vivencias le dan ciertos permisos para sus divagues; por el contrario, Sarlo es una desertora, nunca ha querido luchar por los suyos, lejos y muy alto, desde su torre de marfil, mira y escribe sobre una tierra que ha abandonado hace mucho.&nbsp;<\/p>\n\n\n\n<p>Tambi\u00e9n tengo yo divagues personales. Fui alumno de ella en la c\u00e1tedra Literatura Argentina II en la Facultad de Filosof\u00eda y Letras de la Universidad de Buenos Aires. Para el programa de esa materia Beatriz Sarlo hab\u00eda elegido una serie de autores, todos ellos reconocidos (y desertores de los problemas argentinos): Jorge Luis Borges, Julio Cort\u00e1zar, Juan Jos\u00e9 Saer, Ezequiel Mart\u00ednez Estrada, Silvina Ocampo, entre tantos otros. &nbsp;<\/p>\n\n\n\n<ol start=\"2\"><li><em>\u201cLos Pichiciegos\u201d de Fogwill, lo que ley\u00f3 Sarlo y la lectura de Julio Cardoso.&nbsp;<\/em><\/li><\/ol>\n\n\n\n<p>El escritor Rodolfo Fogwill (Quilmes, 1941-2010), de alguna manera intent\u00f3 alertarnos sobre el problema de los desertores como Beatriz Sarlo en su novela ambientada en la Guerra de Malvinas de 1982: <em>Los Pichiciegos<\/em> (1983) (3). Sin embargo, observo que Beatriz Sarlo ley\u00f3 el libro de una forma lineal, de all\u00ed que la propuso como \u201cla\u201d novela de la Guerra; dijo: \u201cproduce esta verdad de la Guerra de Malvinas\u201d al permitir comprender lo que \u201cuna guerra (no cualquier guerra, sino esta, la desencadenada por la aventura de Galtieri) hace con los hombres\u201d, al hundirlos en unas \u201ccondiciones de miseria simb\u00f3lica\u201d tales que, \u201cpara honrar a los ca\u00eddos y hacer justicia a los veteranos\u201d solo ser\u00eda posible \u201cofrecerles un lugar como v\u00edctimas\u201d.&nbsp;(4)<\/p>\n\n\n\n<p>Recordemos: \u201c<em>Los Pichiciegos\u201d<\/em> cuenta la cotidianeidad de un grupo de desertores que intenta colocarse al margen de la guerra, se encierra en su propio b\u00fanker y desde ah\u00ed despliega estrategias para obtener calor, comida y seguridad; transan lo que haya que transar, incluso aceptan marcar blancos para los ingleses a cambio de alimento, porque entre ellos el colapso de todos los valores ha suprimido el horizonte donde la solidaridad, la dignidad, la lealtad y la traici\u00f3n, por ejemplo, hubieran podido distinguirse y tener alg\u00fan sentido.&nbsp;<\/p>\n\n\n\n<p>El poeta, cineasta, escritor y artista Julio Cardoso (Buenos Aires, 1956-2017), le respondi\u00f3 a Sarlo sobre esa lectura del libro (y de la guerra), dijo: \u201cLa lectura que Sarlo efect\u00faa de \u2018<em>Los Pichiciegos&#8217;<\/em> nos presenta un \u2018teatro de la memoria\u2019 en cuyo escenario solo caben algunos actores muy precisos (los victimizados y solo ciertos victimarios), una sola dramaturgia de la guerra y del conflicto (la del general loco y su banda de criminales ambiciosos) y unas directivas de selecci\u00f3n muy severas acerca de qu\u00e9 relatos poseen un genuino \u201cefecto de verdad\u201d y cu\u00e1les ser\u00edan nada m\u00e1s que el despreciable efecto de la adicci\u00f3n \u201cal alucin\u00f3geno del patriotismo desp\u00f3tico\u201d (que, seg\u00fan su propia descripci\u00f3n, fue ingerido por la mayor parte del pueblo argentino, salvo ella y unos pocos m\u00e1s, naturalmente, quienes en la \u201cmayor soledad\u201d se sent\u00edan \u201cextra\u00f1os en nuestro propio pa\u00eds\u201d). Palabras m\u00e1s, palabras menos, el gui\u00f3n propuesto por Sarlo es el que finalmente ha venido a ocupar las marquesinas de pr\u00e1cticamente todos los escenarios masivos de este 30\u02da aniversario, \u00fanica narraci\u00f3n con \u201cefecto de verdad\u201d certificado por los administradores del saber. En algunos cines de estos d\u00edas se puede o\u00edr una conocida frase de Carl Jung: \u201cDebe haber m\u00e1s de una bisagra en el Universo.\u201d Y efectivamente, las hay. As\u00ed como son posibles otras lecturas de \u201c<em>Los Pichiciegos\u201d<\/em>, tambi\u00e9n hay teatros de la memoria que no eligen la victimizaci\u00f3n como n\u00facleo central de sus representaciones de la historia. Pero adem\u00e1s de esta percepci\u00f3n selectiva de Sarlo, Julio Cardoso expone la lectura superficial que la ensayista tiene de <em>Los Pichiciegos:<\/em> explica Cardoso: \u201cFogwill ha dicho repetidas veces que \u2018<em>Los Pichiciegos\u2019<\/em> no fue escrita contra la guerra sino contra una manera est\u00fapida de pensar la guerra y la literatura. [\u2026] Contra las maneras equivocadas de nombrar y de convivir con nuestro destino\u201d. \u201cLos Pichiciegos -sigue Fogwill- podr\u00eda leerse como una alegor\u00eda del sistema cultural argentino\u201d.(5)<\/p>\n\n\n\n<ol start=\"3\"><li><em>Notas sobre el pensamiento colonial (e imperial) en Argentina<\/em><\/li><\/ol>\n\n\n\n<p>Arturo Jauretche en 1948 se\u00f1alaba: \u201cEn las naciones coloniales, despojadas del poder pol\u00edtico directo y sometidas a las fuerzas de ocupaci\u00f3n extranjera, los problemas de la penetraci\u00f3n cultural pueden revestir menos importancia para el imperialismo, puesto que sus privilegios econ\u00f3micos est\u00e1n asegurados por la persuasi\u00f3n de la artiller\u00eda. La formaci\u00f3n de una conciencia nacional en ese tipo de pa\u00edses no encuentra obst\u00e1culos, sino que, por el contrario, es estimulada por la simple presencia de la potencia extranjera en suelo natal [\u2026] Pero en las semicolonias que gozan de un estatus pol\u00edtico independiente decorado por la ficci\u00f3n jur\u00eddica, aquella colonizaci\u00f3n se revela esencial, pues no dispone de otra fuerza para asegurar la perpetuaci\u00f3n del dominio imperialista, y ya es sabido que las ideas, en cierto grado de su evoluci\u00f3n, se truecan en fuerza material. De este hecho nace la tremenda importancia de un estudio circunstanciado de la cultura argentina o pseudo argentina, forjada por un signo de dictadura espiritual olig\u00e1rquica.\u201d&nbsp;(6)<\/p>\n\n\n\n<p>Sarlo, Saer, Cort\u00e1zar, Borges, Mart\u00ednez Estrada, Ocampo, y otros\/as tantos\/as nacieron en Argentina: no obstante, sus pensamientos, divagaciones, exploraciones, reflexiones se suspenden en el aire universal, sin techo ni suelo. Como sabemos, lo universal no es un espacio justamente universal, sino que es un constructo moderno situado en el Atl\u00e1ntico Norte (7). En pocas palabras, para entrar en el pante\u00f3n universal hay que golpear la puerta de los literatos de la OTAN y firmar una suerte de papeles en donde se aceptan sus artificios, normas, reglas y dem\u00e1s mecanismos sofisticados que permiten a ellos seguir dominando el poder simb\u00f3lico de ese ficticio universo. Los historiadores de las ideas como Sarlo, por ejemplo, con sus trabajos vinculados a los relatos, la performance, la teor\u00eda del discurso y las resignificaciones posibles de un texto, actuaron y act\u00faan desvirtuando las verdaderas discusiones. \u00bfPor qu\u00e9 afirmo esto? Porque, sin preocuparse en estudiar y reflexionar sobre las posibles respuestas a nuestros problemas hist\u00f3ricos m\u00e1s profundos, ellos \u2013soci\u00f3logos, historiadores, antrop\u00f3logos y fil\u00f3sofos\u2013 tambi\u00e9n fueron responsables del naufragio de nuestra regi\u00f3n durante buena parte del siglo XX. Desde el campo cient\u00edfico que obten\u00eda el financiamiento de los diferentes Estados latinoamericanos encuentro muy pocos autores que hayan elaborado lecturas desde nuestra regi\u00f3n y para nuestra regi\u00f3n. Incluso observo que la producci\u00f3n desde el mundo de las ciencias sociales en esos a\u00f1os se ha dedicado especialmente a silenciar a los autores que han elaborado estudios, investigaciones e intervenciones vinculadas a diferentes exploraciones te\u00f3ricas fundamentales para responder a nuestros problemas: el imperialismo brit\u00e1nico, franc\u00e9s o norteamericano, la integraci\u00f3n latinoamericana, las caracter\u00edsticas de nuestro sistema democr\u00e1tico, las distintas constituciones nacionales, los due\u00f1os de los medios de comunicaci\u00f3n o la discusi\u00f3n sobre el control de los recursos naturales.(8)&nbsp;<\/p>\n\n\n\n<ol start=\"4\"><li><em>La realidad es m\u00e1s que la idea y el tiempo es m\u00e1s que el espacio. &nbsp;<\/em><\/li><\/ol>\n\n\n\n<p>Beatriz Sarlo afirma que la novela de Fogwill sobre un grupo de desertores es \u201cla novela de la Guerra de Malvinas\u201d: obviamente es su lectura del libro, es su idea. El programa radial <em>Malvinas Causa Central,<\/em> en el aire desde hace nueve a\u00f1os por Radio Megaf\u00f3n UNLa, ha entrevistado a cientos de ex combatientes y no he escuchado que ninguno de ellos se arrepintiera de haber ido a luchar a Malvinas; tampoco he escuchado a nadie manifestarse a favor de la deserci\u00f3n ni relatos de desertores. Al mismo tiempo, para Sarlo es m\u00e1s importante el espacio que el tiempo, un artificio ya conocido y empleado por el Nazismo para justificar las invasiones de los a\u00f1os 1939-1940 en Austria, Polonia, Hungr\u00eda, Yugoslavia. Hitler afirmaba: \u201cDonde haya un alem\u00e1n esta Alemania\u201d, una cl\u00e1sica l\u00f3gica imperial, invasora, agresiva (9). La historia de Malvinas dice que antes de los ingleses hubo gauchos e indios nacidos en el territorio de las Provincias Unidas del R\u00edo de la Plata. Recordemos la l\u00ednea de continuidad que enlaza a la soberan\u00eda ejercida por la Madre Patria Espa\u00f1a desde 1776 con sus 32 gobernadores y la soberan\u00eda de las Provincias Unidas ejercida tras la Revoluci\u00f3n de Mayo, desde 1810, por el derecho que ejercen las naciones occidentales desde los tiempos romanos llamado de <em>Utis possidetis iure<\/em>. Este derecho afirma que las antiguas posesiones coloniales pasaban a ser parte del territorio de las naciones independizadas (10). Luego, la continuaci\u00f3n del dominio, por la tradici\u00f3n de los t\u00edtulos jur\u00eddicos de Espa\u00f1a en favor de las Provincias Unidas, otorgaba el derecho a disponer administrar y gobernar a todas las Islas del Atl\u00e1ntico Sur.&nbsp;<\/p>\n\n\n\n<p>En este sentido es indispensable desenmascarar la operaci\u00f3n de desmalvinizaci\u00f3n que ejerce Beatriz Sarlo cuando se intenta vilipendiar y denigrar a nuestra tradici\u00f3n hisp\u00e1nica. Mu\u00f1oz Azpiri, en su monumental obra sobre la historia de las Malvinas, deja una reflexi\u00f3n al respecto: \u201cNo consideramos a la historia de Espa\u00f1a como una indefinida sucesi\u00f3n de decadencias ni aplicamos a su estudio un criterio calamitoso que impusieron las pautas iluministas y obedecieron con tal ceguedad los hispanoamericanos\u201d, luego agrega: \u201cDebemos dejar de continuar utilizando m\u00f3dulos ideol\u00f3gicos herrumbrados, fruto de otras latitudes y otros intereses.\u201d(11)<\/p>\n\n\n\n<ol start=\"5\"><li><em>Beatriz Sarlo y la deserci\u00f3n de los intelectuales argentinos.&nbsp;<\/em><\/li><\/ol>\n\n\n\n<p>Los intelectuales nacieron en Francia a fines del siglo XIX durante el <em>affaire<\/em> Dreyfus. Nacieron enfrentando al Estado Franc\u00e9s, ellos eran los portadores de la verdad sin ataduras ideol\u00f3gicas pero con los pies en su Patria, estaban comprometidos en salvar a su Naci\u00f3n. Luego, los Albert Camus, Andr\u00e9 Malraux, Andr\u00e9 Gide y otros tantos, resistieron la ocupaci\u00f3n alemana, algunos con fusiles en las manos, otros con sus plumas, en fin: nadie desert\u00f3. Beatriz Sarlo se infla el pecho cuando habla de estos franceses y afirma a viva voz: \u201c\u00a1Yo soy una intelectual!\u201d Sin embargo, ni los intelectuales del <em>affaire<\/em> Dreyfus ni los de la Segunda Guerra desertaron. Beatriz Sarlo s\u00ed, ella ha abandonado a su Patria, no la reconoce como propia ni siente responsabilidades por su Naci\u00f3n. Para entender mejor c\u00f3mo definir a Sarlo vale revisar la etimolog\u00eda de la palabra \u201cdesertor\u201d. Seg\u00fan el Diccionario de la Real Academia Espa\u00f1ola, la palabra \u201cdesertar\u00bb proviene del lat\u00edn <em>desertare<\/em> y significa \u201cabandonar las obligaciones, tambi\u00e9n se suele vincular con el t\u00e9rmino en lat\u00edn <em>desertoris<\/em>, que b\u00e1sicamente significa \u2018el que abandona\u2019\u00bb y que en el uso se aplic\u00f3 mucho en el sentido de \u00abel que traiciona una causa\u00bb (muy empleado por Cicer\u00f3n). De<em> deser\u0115re<\/em> tenemos tambi\u00e9n \u201cdesierto\u201d (lugar abandonado) y \u201cdesertar\u201d. &nbsp;<\/p>\n\n\n\n<p>(1) La entrevista completa puede observarse en la p\u00e1gina web del Diario <em>La Naci\u00f3n<\/em>, y parte de la entrevista aparece en el art\u00edculo: \u201cEl verdadero pensamiento de Beatriz Sarlo sobre Malvinas\u201d, <em>Diario La Naci\u00f3n<\/em>, 04-08-21. <a href=\"https:\/\/www.lanacion.com.ar\/politica\/beatriz-sarlo-las-malvinas-son-territorio-britanico-nid03082021\/\">https:\/\/www.lanacion.com.ar\/politica\/beatriz-sarlo-las-malvinas-son-territorio-britanico-nid03082021\/<\/a>&nbsp;<\/p>\n\n\n\n<p>(2) Sarlo, Beatriz, <em>Viajes. De la Amazonia a Malvinas<\/em>, Buenos Aires, Seix Barrial, 2012, p. 175.&nbsp; &nbsp;<\/p>\n\n\n\n<p>(3) Cardoso, Julio, Los otros Pichiciegos, Infonews, 21-04-2012, en: &nbsp; <a href=\"http:\/\/malvinas30mvs.blogspot.com\/2013\/04\/los-otros-pichiciegos.html\">http:\/\/malvinas30mvs.blogspot.com\/2013\/04\/los-otros-pichiciegos.html<\/a> &nbsp;<\/p>\n\n\n\n<p>(4) \u201cNo olvidar la guerra\u201d, <em>Revista Punto de Vista<\/em> N\u00ba49, Buenos Aires, agosto de 1994 y \u201cEl patriotismo desp\u00f3tico\u201d, La Naci\u00f3n, 27 de enero de 2012.<\/p>\n\n\n\n<p>(5) &nbsp;Cardoso, Julio, Los otros Pichiciegos, Infonews, 21-04-2012, op., cit.,&nbsp;<\/p>\n\n\n\n<p>(6) Jauretche, Arturo, <em>Los profetas del odio y la yapa. La colonizaci\u00f3n pedag\u00f3gica<\/em>, Buenos Aires, Ed. Pe\u00f1a Lillo, 1948, p. 146.&nbsp;<\/p>\n\n\n\n<p>(7) &nbsp;Di Vincenzo, Facundo, os intelectuales del Atl\u00e1ntico Norte y su lectura de la pandemia. Loris Zanatta y otros Posmo-Coloniales de nuestro tiempo, Remedios de Escalada, Revista Viento Sur UNLa, 6 de Junio de 2020, en: <a href=\"http:\/\/vientosur.unla.edu.ar\/index.php\/los-intelectuales-del-atlantico-norte-y-su-lectura-de-la-pandemia\/\">http:\/\/vientosur.unla.edu.ar\/index.php\/los-intelectuales-del-atlantico-norte-y-su-lectura-de-la-pandemia\/<\/a><\/p>\n\n\n\n<p>(8) Di Vincenzo, Facundo, La colonizaci\u00f3n historiogr\u00e1fica. Reflexiones acerca de una Historia Moderna y Contempor\u00e1nea para Latinoam\u00e9rica y el Caribe, Remedios de Escalada, Revista Viento Sur UNLa, n\u00ba 19, 16 de diciembre de 2018, en: <a href=\"http:\/\/vientosur.unla.edu.ar\/index.php\/la-colonizacion-historiografica\/\">http:\/\/vientosur.unla.edu.ar\/index.php\/la-colonizacion-historiografica\/<\/a><\/p>\n\n\n\n<p>(9) &nbsp;Alberdi, Juan Bautista, <em>El crimen de la guerra<\/em> [1870], Buenos Aires, Claridad, 1934. &nbsp;<\/p>\n\n\n\n<p>(10) Di Vincenzo, Facundo, Una Soberan\u00eda celeste, terrestre y mar\u00edtima. Reflexiones a 200 a\u00f1os de la toma de posesi\u00f3n de las Malvinas por las Provincias Unidas, Remedios de Escalada, Megaf\u00f3n, 10 noviembre 2020, en:&nbsp;<\/p>\n\n\n\n<figure class=\"wp-block-embed\"><div class=\"wp-block-embed__wrapper\">\nhttps:\/\/megafonunla.com.ar\/notas\/2020-11-10_una-soberania-celeste-terrestre-y-maritima\n<\/div><\/figure>\n\n\n\n<p>(11) Mu\u00f1oz Azpiri, Jos\u00e9 Luis, <em>Historia completa de las Malvinas<\/em>, Tomo 1, op., cit., p. 39.<\/p>\n","protected":false},"excerpt":{"rendered":"<p>Lejos de mi pa\u00eds, como en casa.&nbsp; La ensayista Beatriz Sarlo (Buenos Aires, 1942) en una reciente entrevista (03-08-2021) realizada por el periodista Paulino Rodr\u00edguez del canal de TV por cable La Naci\u00f3n +, declar\u00f3: \u201clas islas Malvinas son \u201cterritorio brit\u00e1nico\u201d [..] \u201cCuando la gente dice \u2018las Malvinas son argentinas\u2019 no se sientan ni un [&hellip;]<\/p>\n","protected":false},"author":8,"featured_media":5263,"comment_status":"open","ping_status":"closed","sticky":true,"template":"","format":"standard","meta":{"_monsterinsights_skip_tracking":false,"_monsterinsights_sitenote_active":false,"_monsterinsights_sitenote_note":"","_monsterinsights_sitenote_category":0},"categories":[155,20,4],"tags":[415],"coauthors":[140],"_links":{"self":[{"href":"https:\/\/vientosur.unla.edu.ar\/index.php\/wp-json\/wp\/v2\/posts\/5262"}],"collection":[{"href":"https:\/\/vientosur.unla.edu.ar\/index.php\/wp-json\/wp\/v2\/posts"}],"about":[{"href":"https:\/\/vientosur.unla.edu.ar\/index.php\/wp-json\/wp\/v2\/types\/post"}],"author":[{"embeddable":true,"href":"https:\/\/vientosur.unla.edu.ar\/index.php\/wp-json\/wp\/v2\/users\/8"}],"replies":[{"embeddable":true,"href":"https:\/\/vientosur.unla.edu.ar\/index.php\/wp-json\/wp\/v2\/comments?post=5262"}],"version-history":[{"count":3,"href":"https:\/\/vientosur.unla.edu.ar\/index.php\/wp-json\/wp\/v2\/posts\/5262\/revisions"}],"predecessor-version":[{"id":5270,"href":"https:\/\/vientosur.unla.edu.ar\/index.php\/wp-json\/wp\/v2\/posts\/5262\/revisions\/5270"}],"wp:featuredmedia":[{"embeddable":true,"href":"https:\/\/vientosur.unla.edu.ar\/index.php\/wp-json\/wp\/v2\/media\/5263"}],"wp:attachment":[{"href":"https:\/\/vientosur.unla.edu.ar\/index.php\/wp-json\/wp\/v2\/media?parent=5262"}],"wp:term":[{"taxonomy":"category","embeddable":true,"href":"https:\/\/vientosur.unla.edu.ar\/index.php\/wp-json\/wp\/v2\/categories?post=5262"},{"taxonomy":"post_tag","embeddable":true,"href":"https:\/\/vientosur.unla.edu.ar\/index.php\/wp-json\/wp\/v2\/tags?post=5262"},{"taxonomy":"author","embeddable":true,"href":"https:\/\/vientosur.unla.edu.ar\/index.php\/wp-json\/wp\/v2\/coauthors?post=5262"}],"curies":[{"name":"wp","href":"https:\/\/api.w.org\/{rel}","templated":true}]}}