{"id":5435,"date":"2021-10-21T16:00:42","date_gmt":"2021-10-21T19:00:42","guid":{"rendered":"http:\/\/vientosur.unla.edu.ar\/?p=5435"},"modified":"2021-11-02T10:14:10","modified_gmt":"2021-11-02T13:14:10","slug":"las-organizaciones-y-las-instituciones-gerontologicas-en-clave-de-derechos","status":"publish","type":"post","link":"https:\/\/vientosur.unla.edu.ar\/index.php\/las-organizaciones-y-las-instituciones-gerontologicas-en-clave-de-derechos\/","title":{"rendered":"Las organizaciones y las instituciones gerontol\u00f3gicas en clave de derechos"},"content":{"rendered":"\n<p class=\"wp-block-paragraph\">Bajo esta consigna se desarrollar\u00e1 ma\u00f1ana viernes 22 de octubre de 9 a 13 horas por Zoom, un conversatorio organizado por la Especializaci\u00f3n en Gerontolog\u00eda de nuestra universidad.&nbsp;<\/p>\n\n\n\n<p class=\"wp-block-paragraph\">La propuesta es promover un intercambio interdisciplinario acerca de este tema, que en esta oportunidad ser\u00e1 abordado por los doctores Alfredo Carballeda y Daniel Russo y la doctora Paula Danel.<\/p>\n\n\n\n<p class=\"wp-block-paragraph\">Alfredo Carballeda iniciar\u00e1 el intercambio analizando la complejidad de los nuevos escenarios para la intervenci\u00f3n social, y los obst\u00e1culos que surgen a partir de las diferentes crisis de los mandatos institucionales. A su vez, har\u00e1 \u00e9nfasis en la necesaria mirada transversal a los emergentes de la cuesti\u00f3n social que denominamos \u201cProblem\u00e1ticas Sociales Complejas\u201d. Estos temas dialogan en forma intensa con las Pol\u00edticas P\u00fablicas y marcan, de alguna forma, nuevas direcciones a la relaci\u00f3n Estado\u2013Sociedad, interpelando desde diferentes aspectos el sentido de la intervenci\u00f3n en \u00abLo Social\u00bb como saber experto y sistematizado desde una perspectiva de construcci\u00f3n a posteriori del mismo.<\/p>\n\n\n\n<p class=\"wp-block-paragraph\">Por su parte Daniel Russo continuar\u00e1 la exposici\u00f3n explay\u00e1ndose sobre la cuesti\u00f3n de la conflictividad y las modalidades autoritarias al interior de las instituciones (ver la entrevista realizada en Megaf\u00f3n UNLa (<a href=\"https:\/\/ar.radiocut.fm\/audiocut\/organizaciones-e-instituciones-gerontologicas-en-clave-derechos\/?fbclid=IwAR3JGN9vBqnspcTPxURFiZajlGAYbguTUYi4ofTjA6q7hyURVhhj_sGLKas\">https:\/\/ar.radiocut.fm\/audiocut\/organizaciones-e-instituciones-gerontologicas-en-clave-derechos\/?fbclid=IwAR3JGN9vBqnspcTPxURFiZajlGAYbguTUYi4ofTjA6q7hyURVhhj_sGLKas<\/a>).<\/p>\n\n\n\n<p class=\"wp-block-paragraph\">Finalmente, abordando aspectos m\u00e1s espec\u00edficos de gerontolog\u00eda, estar\u00e1 la Dra. Paula Danel, quien desde su <em>expertise<\/em> promover\u00e1 el debate acerca de los procesos de producci\u00f3n de pol\u00edticas de cuidados formuladas desde el desarrollo de experiencias de intervenci\u00f3n en Lo Social e investigativas. Este paradigma logra modificar la atenci\u00f3n basada desde la concepci\u00f3n de necesidades (que asume a las personas mayores como objetos de cuidados y sujetos pasivos) hacia la promulgaci\u00f3n y protecci\u00f3n de los derechos de los Adultos Mayores que viven en residencias -con \u00e9nfasis en los derechos de aquellas personas mayores que permanecen en las mismas en largas estad\u00edas-, como sujetos capaces de tomar sus propias decisiones y de sentir la residencia como su propio hogar, asumiendo en consecuencia la titularidad y ejercicio de todos los derechos y obligaciones que esta situaci\u00f3n conlleva.<\/p>\n\n\n\n<p class=\"wp-block-paragraph\">El campo de la gerontolog\u00eda es un territorio de disputa de sentidos en un contexto con intereses econ\u00f3micos, cient\u00edficos, culturales y sociales. Estas disputas y tensiones tienen incidencia sobre la vida cotidiana de las personas mayores, como as\u00ed tambi\u00e9n sobre sus decisiones, elecciones y valoraciones.&nbsp;<\/p>\n\n\n\n<p class=\"wp-block-paragraph\">El conversatorio \u201cLas organizaciones y las instituciones gerontol\u00f3gicas en clave de derechos\u201d propone reflexionar sobre los valores, los paradigmas hegem\u00f3nicos de acci\u00f3n y otras pr\u00e1cticas culturales construidas desde teor\u00edas tradicionales y sostenidas desde las organizaciones e instituciones gerontol\u00f3gicas, como as\u00ed tambi\u00e9n los n\u00facleos reales y potenciales de resistencias. Este espacio de intercambio constituir\u00e1 un aporte para redimensionar conceptos claves del campo gerontol\u00f3gico, desde un enfoque interseccional y de derechos humanos.<\/p>\n\n\n\n<p class=\"wp-block-paragraph\"><\/p>\n\n\n\n<p class=\"wp-block-paragraph\"><\/p>\n\n\n\n<p class=\"wp-block-paragraph\"><div class=\"su-box su-box-style-default\" id=\"\" style=\"border-color:#000000;border-radius:3px;max-width:none\"><div class=\"su-box-title\" style=\"background-color:#333333;color:#FFFFFF;border-top-left-radius:1px;border-top-right-radius:1px\">Inscripci\u00f3n y participaci\u00f3n libre y gratuita<\/div><div class=\"su-box-content su-u-clearfix su-u-trim\" style=\"border-bottom-left-radius:1px;border-bottom-right-radius:1px\">\n\n\n\n<p class=\"wp-block-paragraph\"><strong>Para recibir el link al conversatorio, inscribirse en https:\/\/forms.gle\/28rWSfNyewqGNJG67<\/div><\/div><\/strong><\/p>\n\n\n\n<p class=\"wp-block-paragraph\"><\/p>\n\n\n\n<p class=\"wp-block-paragraph\"><\/p>\n\n\n\n<figure class=\"wp-block-image size-large is-style-default\"><img loading=\"lazy\" decoding=\"async\" width=\"800\" height=\"800\" src=\"http:\/\/vientosur.unla.edu.ar\/wp-content\/uploads\/2021\/10\/esp_gerontologia_conv-inst_5370.jpg\" alt=\"\" class=\"wp-image-5437\" srcset=\"https:\/\/vientosur.unla.edu.ar\/wp-content\/uploads\/2021\/10\/esp_gerontologia_conv-inst_5370.jpg 800w, https:\/\/vientosur.unla.edu.ar\/wp-content\/uploads\/2021\/10\/esp_gerontologia_conv-inst_5370-300x300.jpg 300w, https:\/\/vientosur.unla.edu.ar\/wp-content\/uploads\/2021\/10\/esp_gerontologia_conv-inst_5370-150x150.jpg 150w, https:\/\/vientosur.unla.edu.ar\/wp-content\/uploads\/2021\/10\/esp_gerontologia_conv-inst_5370-768x768.jpg 768w, https:\/\/vientosur.unla.edu.ar\/wp-content\/uploads\/2021\/10\/esp_gerontologia_conv-inst_5370-125x125.jpg 125w\" sizes=\"auto, (max-width: 800px) 100vw, 800px\" \/><\/figure>\n\n\n\n<p class=\"wp-block-paragraph\"><\/p>\n\n\n\n<p class=\"wp-block-paragraph\"><\/p>\n","protected":false},"excerpt":{"rendered":"<p>Bajo esta consigna se desarrollar\u00e1 ma\u00f1ana viernes 22 de octubre de 9 a 13 horas por Zoom, un conversatorio organizado por la Especializaci\u00f3n en Gerontolog\u00eda de nuestra universidad.&nbsp; La propuesta es promover un intercambio interdisciplinario acerca de este tema, que en esta oportunidad ser\u00e1 abordado por los doctores Alfredo Carballeda y Daniel Russo y la [&hellip;]<\/p>\n","protected":false},"author":3,"featured_media":5436,"comment_status":"open","ping_status":"closed","sticky":true,"template":"","format":"standard","meta":{"_monsterinsights_skip_tracking":false,"footnotes":""},"categories":[155,9,60],"tags":[],"coauthors":[29],"class_list":["post-5435","post","type-post","status-publish","format-standard","has-post-thumbnail","category-destacados","category-encuentros","category-salud"],"yoast_head":"<!-- This site is optimized with the Yoast SEO plugin v28.2 - https:\/\/yoast.com\/product\/yoast-seo-wordpress\/ -->\n<title>Las organizaciones y las instituciones gerontol\u00f3gicas en clave de derechos - Viento Sur<\/title>\n<meta name=\"robots\" content=\"index, follow, max-snippet:-1, max-image-preview:large, max-video-preview:-1\" \/>\n<link rel=\"canonical\" href=\"https:\/\/vientosur.unla.edu.ar\/index.php\/las-organizaciones-y-las-instituciones-gerontologicas-en-clave-de-derechos\/\" \/>\n<meta property=\"og:locale\" content=\"es_ES\" \/>\n<meta property=\"og:type\" content=\"article\" \/>\n<meta property=\"og:title\" content=\"Las organizaciones y las instituciones gerontol\u00f3gicas en clave de derechos - Viento Sur\" \/>\n<meta property=\"og:description\" content=\"Bajo esta consigna se desarrollar\u00e1 ma\u00f1ana viernes 22 de octubre de 9 a 13 horas por Zoom, un conversatorio organizado por la Especializaci\u00f3n en Gerontolog\u00eda de nuestra universidad.&nbsp; La propuesta es promover un intercambio interdisciplinario acerca de este tema, que en esta oportunidad ser\u00e1 abordado por los doctores Alfredo Carballeda y Daniel Russo y la [&hellip;]\" \/>\n<meta property=\"og:url\" content=\"https:\/\/vientosur.unla.edu.ar\/index.php\/las-organizaciones-y-las-instituciones-gerontologicas-en-clave-de-derechos\/\" \/>\n<meta property=\"og:site_name\" content=\"Viento Sur\" \/>\n<meta property=\"article:published_time\" content=\"2021-10-21T19:00:42+00:00\" \/>\n<meta property=\"article:modified_time\" content=\"2021-11-02T13:14:10+00:00\" \/>\n<meta property=\"og:image\" content=\"https:\/\/vientosur.unla.edu.ar\/wp-content\/uploads\/2021\/10\/Captura-de-Pantalla-2021-10-21-a-las-13.26.17.png\" \/>\n\t<meta property=\"og:image:width\" content=\"658\" \/>\n\t<meta property=\"og:image:height\" content=\"466\" \/>\n\t<meta property=\"og:image:type\" content=\"image\/png\" \/>\n<meta name=\"author\" content=\"Viento Sur\" \/>\n<meta name=\"twitter:card\" content=\"summary_large_image\" \/>\n<meta name=\"twitter:label1\" content=\"Escrito por\" \/>\n\t<meta name=\"twitter:data1\" content=\"Viento Sur\" \/>\n\t<meta name=\"twitter:label2\" content=\"Tiempo de lectura\" \/>\n\t<meta name=\"twitter:data2\" content=\"3 minutos\" \/>\n\t<meta name=\"twitter:label3\" content=\"Written by\" \/>\n\t<meta name=\"twitter:data3\" content=\"Viento Sur\" \/>\n<script type=\"application\/ld+json\" class=\"yoast-schema-graph\">{\"@context\":\"https:\\\/\\\/schema.org\",\"@graph\":[{\"@type\":\"Article\",\"@id\":\"https:\\\/\\\/vientosur.unla.edu.ar\\\/index.php\\\/las-organizaciones-y-las-instituciones-gerontologicas-en-clave-de-derechos\\\/#article\",\"isPartOf\":{\"@id\":\"https:\\\/\\\/vientosur.unla.edu.ar\\\/index.php\\\/las-organizaciones-y-las-instituciones-gerontologicas-en-clave-de-derechos\\\/\"},\"author\":{\"name\":\"Viento Sur\",\"@id\":\"https:\\\/\\\/vientosur.unla.edu.ar\\\/#\\\/schema\\\/person\\\/ac10c9665e7a647683017bc331817e5a\"},\"headline\":\"Las organizaciones y las instituciones gerontol\u00f3gicas en clave de derechos\",\"datePublished\":\"2021-10-21T19:00:42+00:00\",\"dateModified\":\"2021-11-02T13:14:10+00:00\",\"mainEntityOfPage\":{\"@id\":\"https:\\\/\\\/vientosur.unla.edu.ar\\\/index.php\\\/las-organizaciones-y-las-instituciones-gerontologicas-en-clave-de-derechos\\\/\"},\"wordCount\":529,\"commentCount\":0,\"image\":{\"@id\":\"https:\\\/\\\/vientosur.unla.edu.ar\\\/index.php\\\/las-organizaciones-y-las-instituciones-gerontologicas-en-clave-de-derechos\\\/#primaryimage\"},\"thumbnailUrl\":\"https:\\\/\\\/vientosur.unla.edu.ar\\\/wp-content\\\/uploads\\\/2021\\\/10\\\/Captura-de-Pantalla-2021-10-21-a-las-13.26.17.png\",\"articleSection\":[\"Destacados\",\"Encuentros\",\"Salud\"],\"inLanguage\":\"es\",\"potentialAction\":[{\"@type\":\"CommentAction\",\"name\":\"Comment\",\"target\":[\"https:\\\/\\\/vientosur.unla.edu.ar\\\/index.php\\\/las-organizaciones-y-las-instituciones-gerontologicas-en-clave-de-derechos\\\/#respond\"]}]},{\"@type\":\"WebPage\",\"@id\":\"https:\\\/\\\/vientosur.unla.edu.ar\\\/index.php\\\/las-organizaciones-y-las-instituciones-gerontologicas-en-clave-de-derechos\\\/\",\"url\":\"https:\\\/\\\/vientosur.unla.edu.ar\\\/index.php\\\/las-organizaciones-y-las-instituciones-gerontologicas-en-clave-de-derechos\\\/\",\"name\":\"Las organizaciones y las instituciones gerontol\u00f3gicas en clave de derechos - Viento Sur\",\"isPartOf\":{\"@id\":\"https:\\\/\\\/vientosur.unla.edu.ar\\\/#website\"},\"primaryImageOfPage\":{\"@id\":\"https:\\\/\\\/vientosur.unla.edu.ar\\\/index.php\\\/las-organizaciones-y-las-instituciones-gerontologicas-en-clave-de-derechos\\\/#primaryimage\"},\"image\":{\"@id\":\"https:\\\/\\\/vientosur.unla.edu.ar\\\/index.php\\\/las-organizaciones-y-las-instituciones-gerontologicas-en-clave-de-derechos\\\/#primaryimage\"},\"thumbnailUrl\":\"https:\\\/\\\/vientosur.unla.edu.ar\\\/wp-content\\\/uploads\\\/2021\\\/10\\\/Captura-de-Pantalla-2021-10-21-a-las-13.26.17.png\",\"datePublished\":\"2021-10-21T19:00:42+00:00\",\"dateModified\":\"2021-11-02T13:14:10+00:00\",\"author\":{\"@id\":\"https:\\\/\\\/vientosur.unla.edu.ar\\\/#\\\/schema\\\/person\\\/ac10c9665e7a647683017bc331817e5a\"},\"breadcrumb\":{\"@id\":\"https:\\\/\\\/vientosur.unla.edu.ar\\\/index.php\\\/las-organizaciones-y-las-instituciones-gerontologicas-en-clave-de-derechos\\\/#breadcrumb\"},\"inLanguage\":\"es\",\"potentialAction\":[{\"@type\":\"ReadAction\",\"target\":[\"https:\\\/\\\/vientosur.unla.edu.ar\\\/index.php\\\/las-organizaciones-y-las-instituciones-gerontologicas-en-clave-de-derechos\\\/\"]}]},{\"@type\":\"ImageObject\",\"inLanguage\":\"es\",\"@id\":\"https:\\\/\\\/vientosur.unla.edu.ar\\\/index.php\\\/las-organizaciones-y-las-instituciones-gerontologicas-en-clave-de-derechos\\\/#primaryimage\",\"url\":\"https:\\\/\\\/vientosur.unla.edu.ar\\\/wp-content\\\/uploads\\\/2021\\\/10\\\/Captura-de-Pantalla-2021-10-21-a-las-13.26.17.png\",\"contentUrl\":\"https:\\\/\\\/vientosur.unla.edu.ar\\\/wp-content\\\/uploads\\\/2021\\\/10\\\/Captura-de-Pantalla-2021-10-21-a-las-13.26.17.png\",\"width\":658,\"height\":466},{\"@type\":\"BreadcrumbList\",\"@id\":\"https:\\\/\\\/vientosur.unla.edu.ar\\\/index.php\\\/las-organizaciones-y-las-instituciones-gerontologicas-en-clave-de-derechos\\\/#breadcrumb\",\"itemListElement\":[{\"@type\":\"ListItem\",\"position\":1,\"name\":\"Portada\",\"item\":\"https:\\\/\\\/vientosur.unla.edu.ar\\\/\"},{\"@type\":\"ListItem\",\"position\":2,\"name\":\"Las organizaciones y las instituciones gerontol\u00f3gicas en clave de derechos\"}]},{\"@type\":\"WebSite\",\"@id\":\"https:\\\/\\\/vientosur.unla.edu.ar\\\/#website\",\"url\":\"https:\\\/\\\/vientosur.unla.edu.ar\\\/\",\"name\":\"Viento Sur\",\"description\":\"Revista institucional de la Universidad Nacional de Lan\u00fas\",\"potentialAction\":[{\"@type\":\"SearchAction\",\"target\":{\"@type\":\"EntryPoint\",\"urlTemplate\":\"https:\\\/\\\/vientosur.unla.edu.ar\\\/?s={search_term_string}\"},\"query-input\":{\"@type\":\"PropertyValueSpecification\",\"valueRequired\":true,\"valueName\":\"search_term_string\"}}],\"inLanguage\":\"es\"},{\"@type\":\"Person\",\"@id\":\"https:\\\/\\\/vientosur.unla.edu.ar\\\/#\\\/schema\\\/person\\\/ac10c9665e7a647683017bc331817e5a\",\"name\":\"Viento Sur\",\"description\":\"Revista institucional de la Universidad Nacional de Lan\u00fas.\",\"sameAs\":[\"http:\\\/\\\/vientosur.unla.edu.ar\"],\"url\":\"https:\\\/\\\/vientosur.unla.edu.ar\\\/index.php\\\/author\\\/viento-sur\\\/\"}]}<\/script>\n<!-- \/ Yoast SEO plugin. -->","yoast_head_json":{"title":"Las organizaciones y las instituciones gerontol\u00f3gicas en clave de derechos - Viento Sur","robots":{"index":"index","follow":"follow","max-snippet":"max-snippet:-1","max-image-preview":"max-image-preview:large","max-video-preview":"max-video-preview:-1"},"canonical":"https:\/\/vientosur.unla.edu.ar\/index.php\/las-organizaciones-y-las-instituciones-gerontologicas-en-clave-de-derechos\/","og_locale":"es_ES","og_type":"article","og_title":"Las organizaciones y las instituciones gerontol\u00f3gicas en clave de derechos - Viento Sur","og_description":"Bajo esta consigna se desarrollar\u00e1 ma\u00f1ana viernes 22 de octubre de 9 a 13 horas por Zoom, un conversatorio organizado por la Especializaci\u00f3n en Gerontolog\u00eda de nuestra universidad.&nbsp; La propuesta es promover un intercambio interdisciplinario acerca de este tema, que en esta oportunidad ser\u00e1 abordado por los doctores Alfredo Carballeda y Daniel Russo y la [&hellip;]","og_url":"https:\/\/vientosur.unla.edu.ar\/index.php\/las-organizaciones-y-las-instituciones-gerontologicas-en-clave-de-derechos\/","og_site_name":"Viento Sur","article_published_time":"2021-10-21T19:00:42+00:00","article_modified_time":"2021-11-02T13:14:10+00:00","og_image":[{"width":658,"height":466,"url":"https:\/\/vientosur.unla.edu.ar\/wp-content\/uploads\/2021\/10\/Captura-de-Pantalla-2021-10-21-a-las-13.26.17.png","type":"image\/png"}],"author":"Viento Sur","twitter_card":"summary_large_image","twitter_misc":{"Escrito por":"Viento Sur","Tiempo de lectura":"3 minutos","Written by":"Viento Sur"},"schema":{"@context":"https:\/\/schema.org","@graph":[{"@type":"Article","@id":"https:\/\/vientosur.unla.edu.ar\/index.php\/las-organizaciones-y-las-instituciones-gerontologicas-en-clave-de-derechos\/#article","isPartOf":{"@id":"https:\/\/vientosur.unla.edu.ar\/index.php\/las-organizaciones-y-las-instituciones-gerontologicas-en-clave-de-derechos\/"},"author":{"name":"Viento Sur","@id":"https:\/\/vientosur.unla.edu.ar\/#\/schema\/person\/ac10c9665e7a647683017bc331817e5a"},"headline":"Las organizaciones y las instituciones gerontol\u00f3gicas en clave de derechos","datePublished":"2021-10-21T19:00:42+00:00","dateModified":"2021-11-02T13:14:10+00:00","mainEntityOfPage":{"@id":"https:\/\/vientosur.unla.edu.ar\/index.php\/las-organizaciones-y-las-instituciones-gerontologicas-en-clave-de-derechos\/"},"wordCount":529,"commentCount":0,"image":{"@id":"https:\/\/vientosur.unla.edu.ar\/index.php\/las-organizaciones-y-las-instituciones-gerontologicas-en-clave-de-derechos\/#primaryimage"},"thumbnailUrl":"https:\/\/vientosur.unla.edu.ar\/wp-content\/uploads\/2021\/10\/Captura-de-Pantalla-2021-10-21-a-las-13.26.17.png","articleSection":["Destacados","Encuentros","Salud"],"inLanguage":"es","potentialAction":[{"@type":"CommentAction","name":"Comment","target":["https:\/\/vientosur.unla.edu.ar\/index.php\/las-organizaciones-y-las-instituciones-gerontologicas-en-clave-de-derechos\/#respond"]}]},{"@type":"WebPage","@id":"https:\/\/vientosur.unla.edu.ar\/index.php\/las-organizaciones-y-las-instituciones-gerontologicas-en-clave-de-derechos\/","url":"https:\/\/vientosur.unla.edu.ar\/index.php\/las-organizaciones-y-las-instituciones-gerontologicas-en-clave-de-derechos\/","name":"Las organizaciones y las instituciones gerontol\u00f3gicas en clave de derechos - Viento Sur","isPartOf":{"@id":"https:\/\/vientosur.unla.edu.ar\/#website"},"primaryImageOfPage":{"@id":"https:\/\/vientosur.unla.edu.ar\/index.php\/las-organizaciones-y-las-instituciones-gerontologicas-en-clave-de-derechos\/#primaryimage"},"image":{"@id":"https:\/\/vientosur.unla.edu.ar\/index.php\/las-organizaciones-y-las-instituciones-gerontologicas-en-clave-de-derechos\/#primaryimage"},"thumbnailUrl":"https:\/\/vientosur.unla.edu.ar\/wp-content\/uploads\/2021\/10\/Captura-de-Pantalla-2021-10-21-a-las-13.26.17.png","datePublished":"2021-10-21T19:00:42+00:00","dateModified":"2021-11-02T13:14:10+00:00","author":{"@id":"https:\/\/vientosur.unla.edu.ar\/#\/schema\/person\/ac10c9665e7a647683017bc331817e5a"},"breadcrumb":{"@id":"https:\/\/vientosur.unla.edu.ar\/index.php\/las-organizaciones-y-las-instituciones-gerontologicas-en-clave-de-derechos\/#breadcrumb"},"inLanguage":"es","potentialAction":[{"@type":"ReadAction","target":["https:\/\/vientosur.unla.edu.ar\/index.php\/las-organizaciones-y-las-instituciones-gerontologicas-en-clave-de-derechos\/"]}]},{"@type":"ImageObject","inLanguage":"es","@id":"https:\/\/vientosur.unla.edu.ar\/index.php\/las-organizaciones-y-las-instituciones-gerontologicas-en-clave-de-derechos\/#primaryimage","url":"https:\/\/vientosur.unla.edu.ar\/wp-content\/uploads\/2021\/10\/Captura-de-Pantalla-2021-10-21-a-las-13.26.17.png","contentUrl":"https:\/\/vientosur.unla.edu.ar\/wp-content\/uploads\/2021\/10\/Captura-de-Pantalla-2021-10-21-a-las-13.26.17.png","width":658,"height":466},{"@type":"BreadcrumbList","@id":"https:\/\/vientosur.unla.edu.ar\/index.php\/las-organizaciones-y-las-instituciones-gerontologicas-en-clave-de-derechos\/#breadcrumb","itemListElement":[{"@type":"ListItem","position":1,"name":"Portada","item":"https:\/\/vientosur.unla.edu.ar\/"},{"@type":"ListItem","position":2,"name":"Las organizaciones y las instituciones gerontol\u00f3gicas en clave de derechos"}]},{"@type":"WebSite","@id":"https:\/\/vientosur.unla.edu.ar\/#website","url":"https:\/\/vientosur.unla.edu.ar\/","name":"Viento Sur","description":"Revista institucional de la Universidad Nacional de Lan\u00fas","potentialAction":[{"@type":"SearchAction","target":{"@type":"EntryPoint","urlTemplate":"https:\/\/vientosur.unla.edu.ar\/?s={search_term_string}"},"query-input":{"@type":"PropertyValueSpecification","valueRequired":true,"valueName":"search_term_string"}}],"inLanguage":"es"},{"@type":"Person","@id":"https:\/\/vientosur.unla.edu.ar\/#\/schema\/person\/ac10c9665e7a647683017bc331817e5a","name":"Viento Sur","description":"Revista institucional de la Universidad Nacional de Lan\u00fas.","sameAs":["http:\/\/vientosur.unla.edu.ar"],"url":"https:\/\/vientosur.unla.edu.ar\/index.php\/author\/viento-sur\/"}]}},"_links":{"self":[{"href":"https:\/\/vientosur.unla.edu.ar\/index.php\/wp-json\/wp\/v2\/posts\/5435","targetHints":{"allow":["GET"]}}],"collection":[{"href":"https:\/\/vientosur.unla.edu.ar\/index.php\/wp-json\/wp\/v2\/posts"}],"about":[{"href":"https:\/\/vientosur.unla.edu.ar\/index.php\/wp-json\/wp\/v2\/types\/post"}],"author":[{"embeddable":true,"href":"https:\/\/vientosur.unla.edu.ar\/index.php\/wp-json\/wp\/v2\/users\/3"}],"replies":[{"embeddable":true,"href":"https:\/\/vientosur.unla.edu.ar\/index.php\/wp-json\/wp\/v2\/comments?post=5435"}],"version-history":[{"count":6,"href":"https:\/\/vientosur.unla.edu.ar\/index.php\/wp-json\/wp\/v2\/posts\/5435\/revisions"}],"predecessor-version":[{"id":5471,"href":"https:\/\/vientosur.unla.edu.ar\/index.php\/wp-json\/wp\/v2\/posts\/5435\/revisions\/5471"}],"wp:featuredmedia":[{"embeddable":true,"href":"https:\/\/vientosur.unla.edu.ar\/index.php\/wp-json\/wp\/v2\/media\/5436"}],"wp:attachment":[{"href":"https:\/\/vientosur.unla.edu.ar\/index.php\/wp-json\/wp\/v2\/media?parent=5435"}],"wp:term":[{"taxonomy":"category","embeddable":true,"href":"https:\/\/vientosur.unla.edu.ar\/index.php\/wp-json\/wp\/v2\/categories?post=5435"},{"taxonomy":"post_tag","embeddable":true,"href":"https:\/\/vientosur.unla.edu.ar\/index.php\/wp-json\/wp\/v2\/tags?post=5435"},{"taxonomy":"author","embeddable":true,"href":"https:\/\/vientosur.unla.edu.ar\/index.php\/wp-json\/wp\/v2\/coauthors?post=5435"}],"curies":[{"name":"wp","href":"https:\/\/api.w.org\/{rel}","templated":true}]}}