{"id":7083,"date":"2024-09-12T10:44:20","date_gmt":"2024-09-12T13:44:20","guid":{"rendered":"http:\/\/vientosur.unla.edu.ar\/?p=7083"},"modified":"2024-10-14T11:49:22","modified_gmt":"2024-10-14T14:49:22","slug":"literatura-conurbanica","status":"publish","type":"post","link":"https:\/\/vientosur.unla.edu.ar\/index.php\/literatura-conurbanica\/","title":{"rendered":"Literatura conurb\u00e1nica"},"content":{"rendered":"\n<p>Un libro: <em>Antolog\u00eda de la literatura fant\u00e1stica<\/em> de Jorge Luis Borges, Silvina Ocampo y Adolfo Bioy Casares.<\/p>\n\n\n\n<p>Una idea: \u00bfY si se usa la estructura de esa antolog\u00eda, tanto te\u00f3rica como cuent\u00edstica, pero aplicada al conurbano?<\/p>\n\n\n\n<p>As\u00ed naci\u00f3 <em>Antolog<\/em><em>\u00eda de la Literatura Conurb\u00e1nica<\/em>, un libro que re\u00fane 28 cuentos cortos de los escritores Mart\u00edn Ortiz Quintero, Rosal\u00eda Moreno Acevedo y Juan Granada ambientados totalmente en el conurbano bonaerense.<\/p>\n\n\n\n<p>\u201cRicardo Piglia dijo que la misma historia con diferentes personajes no es la misma historia. Y eso hice. Apliqu\u00e9 la teor\u00eda borgeana de literatura fant\u00e1stica a la literatura del conurbano bonaerense. Y, con esos par\u00e1metros, fuimos a buscar los relatos. Por eso el pr\u00f3logo del libro es tan importante: es el criterio de selecci\u00f3n de cuentos y la propuesta de un g\u00e9nero literario aut\u00e9ntico y del conurbano. Para ser m\u00e1s espec\u00edfico, los relatos surgieron despu\u00e9s de la idea y del pr\u00f3logo, se buscaron y se escribieron acorde a esos par\u00e1metros. Podr\u00edamos decir, con mucho atrevimiento, que nuestro libro es una secuela de la <em>Antolog<\/em><em>\u00eda de la Literatura Fant\u00e1<\/em><em>stica<\/em> para continuar con esa tradici\u00f3n literaria, esa que pone en duda nuestra realidad, que abre portales a los sue\u00f1os, a los dobles, a otras vidas, todo eso contin\u00faa en el conurbano a trav\u00e9s de la <em>Antolog<\/em><em>\u00eda de la Literatura Conurb\u00e1nica<\/em>\u201d, explica Ortiz Quintero en di\u00e1logo con Viento Sur.<\/p>\n\n\n\n<p><strong>\u00bfC\u00f3mo se fusionaron con Juan y Rosal\u00ed<\/strong><strong>a?<\/strong><\/p>\n\n\n\n<p>La verdad es que somos las personas correctas para cada uno. Juan es el aut\u00e9ntico artista, el tipo que se a\u00edsla del mundo y vuelve con dos o tres ideas o cuentos que te dan ganas de dejar todo y dedicarte a otra cosa. Lo hace parecer f\u00e1cil, por eso, para nosotros, es lo m\u00e1s parecido a un genio que conocemos.<\/p>\n\n\n\n<p>A Rosal\u00eda le decimos <em>Terminator<\/em> porque tiene una capacidad incre\u00edble para organizar, estructurar, decidir, resolver. Es la persona m\u00e1s eficaz y efectiva que conozco. Sin ella, esto ser\u00edan dos tipos con muchos cuentos y muchas ideas. Digamos que sin Rosal\u00eda, ser\u00edamos el \u00e1rbol que se cae en medio del bosque.<\/p>\n\n\n\n<p>Y yo soy el acad\u00e9mico del equipo, soy soci\u00f3logo y me gusta darle a nuestro arte y oficio el respaldo te\u00f3rico y argumentativo que necesita para ser m\u00e1s que un libro de cuentos. Para ser, quiz\u00e1s, un piso desde el cual se puede empezar a construir o debatir la identidad literaria del conurbano bonaerense.<\/p>\n\n\n\n<p><strong>\u00bfPor qu<\/strong><strong>\u00e9 <\/strong><strong>eligieron el g<\/strong><strong>\u00e9<\/strong><strong>nero fant<\/strong><strong>\u00e1<\/strong><strong>stico?<\/strong><strong><\/strong><\/p>\n\n\n\n<p>Primero porque es el g\u00e9nero que m\u00e1s nos mueve, que m\u00e1s nos gusta leer, qu\u00e9 m\u00e1s nos hace sentir la magia de la literatura.<\/p>\n\n\n\n<p>Segundo porque el fant\u00e1stico borgeano es netamente argentino. Dice Piglia, el acad\u00e9mico al cual siempre tomo de referencia para abordar estos temas, que hay dos literaturas creadas en nuestro pa\u00eds: la gauchesca y el fant\u00e1stico de Borges. Es m\u00e1s, Piglia profundiza y sostiene que hasta Borges la literatura argentina era solo el tema. Es decir, si hablaba de gauchos y campo y boleadora, era argentina. Si no, era otra cosa. Por eso lo que hace Borges, quiz\u00e1s de manera involuntaria, es redefinir la literatura argentina. Sentimos, entonces, la necesidad de continuar con esa tradici\u00f3n literaria que, creemos, jam\u00e1s debe olvidarse, porque como en <em>Tl<\/em><em>\u00f6<\/em><em>n<\/em>, cuando uno se olvida de las cosas, desaparecen. Y no quiero dejarles a mis hijos un mundo sin literatura fant\u00e1stica.<\/p>\n\n\n\n<p>Tercero, y tal vez el punto m\u00e1s controversial, porque en esta \u00e9poca de redes sociales, hiperconectividad, etc., etc., notamos que el tener acceso a plataformas donde cualquiera puede expresarse y esparcir mensajes es un arma de doble filo. \u00bfPor qu\u00e9 hago este pre\u00e1mbulo? Porque con el <em>boom<\/em> de las sagas juveniles de vampiros, romances intergal\u00e1cticos, mundos irreales con lenguajes propios, se dice que eso es el g\u00e9nero fant\u00e1stico. Y no es as\u00ed. Eso es fantas\u00eda.<\/p>\n\n\n\n<figure class=\"wp-block-image size-large\"><img loading=\"lazy\" width=\"600\" height=\"870\" src=\"https:\/\/vientosur.unla.edu.ar\/wp-content\/uploads\/2024\/09\/tapa-libro.jpg\" alt=\"\" class=\"wp-image-7085\" srcset=\"https:\/\/vientosur.unla.edu.ar\/wp-content\/uploads\/2024\/09\/tapa-libro.jpg 600w, https:\/\/vientosur.unla.edu.ar\/wp-content\/uploads\/2024\/09\/tapa-libro-207x300.jpg 207w\" sizes=\"(max-width: 600px) 100vw, 600px\" \/><\/figure>\n\n\n\n<p><strong>\u00bfEl conurbano es un espacio de inspiraci\u00f3<\/strong><strong>n?&nbsp;<\/strong><\/p>\n\n\n\n<p>El conurbano y el barrio son tan parte de m\u00ed que es inevitable utilizarlos como recursos, ambientes, escenas, personajes. Yo no conozco cient\u00edficos cu\u00e1nticos como en <em>Volver al Futuro<\/em>, conozco docentes de primaria, de secundaria. Y no conozco supervillanos con af\u00e1n de dominaci\u00f3n mundial, conozco transas y motochorros. Retomo a Piglia cuando dice que los escritores no podemos escribir lo que queremos, si no todos escribir\u00edamos el <em>Mart<\/em><em>\u00edn Fierro<\/em> o <em>La Divina Comedia<\/em>. Los escritores, dice Piglia, escriben lo que pueden. Y esto es lo que yo puedo escribir. Una vez m\u00e1s, para resumir, le dejo otra frase de un rapero: \u201cYo sal\u00ed del barrio, ahora el barrio sale de m\u00ed\u201d. Ese es el rol que el conurbano cumple en nuestro proceso de creaci\u00f3n literaria.&nbsp;&nbsp;&nbsp;<\/p>\n\n\n\n<p><strong>\u00bf<\/strong><strong>Qu<\/strong><strong>\u00e9 <\/strong><strong>elementos lo hacen distintivo?<\/strong><\/p>\n\n\n\n<p>Hay tres que son los que m\u00e1s me cautivan: la intergeneracionalidad, la fluidez de los paisajes, y la heterogeneidad de sus habitantes.<\/p>\n\n\n\n<p>Por intergeneracionalidad me refiero a que la mayor\u00eda de los barrios est\u00e1n compuestos por cuartas o quintas generaciones de la misma familia. Yo soy la tercera generaci\u00f3n que vive en la misma cuadra, mis hijos ser\u00edan la cuarta. Esas ra\u00edces, profundas, son identidad.<\/p>\n\n\n\n<p>La fluidez de los paisajes es algo impactante. Tal es as\u00ed que lo incluimos en el pr\u00f3logo del libro. Uno puede pasar de un barrio de clase media, a una villa, a un <em>shopping<\/em> masivo, a uno de lujo en cuesti\u00f3n de cuadras. Es realmente impresionante. Eso genera un contraste org\u00e1nicamente art\u00edstico. Y tan atractivo que hay gente que ha hecho carrera con tan solo sacarle fotos.<\/p>\n\n\n\n<p>Y, por \u00faltimo, la heterogeneidad de la gente que vive ac\u00e1 es fenomenal. En la misma esquina, en el mismo barcito, en la misma plaza, en la misma canchita de f\u00fatbol va a encontrar acad\u00e9micos, laburantes, <em>dealers<\/em>, deportistas, fisuras, etc. Conocemos a los cartoneros, nos llamamos por nombre, y tambi\u00e9n conocemos a nuestros transas. A m\u00ed, por ejemplo, me conocen como el profe porque doy clases de ingl\u00e9s en el instituto de mi madre.<\/p>\n\n\n\n<p><strong>\u00bfC\u00f3mo se evita caer en estereotipos y tipificaciones?<\/strong><\/p>\n\n\n\n<p>Creo que eso depende m\u00e1s del lector que del escritor, \u00bfno? Hemos recibido much\u00edsimos elogios por c\u00f3mo captamos la esencia del barrio, hay gente que compr\u00f3 el libro y que no conozco, que me mandaba fotos del fisura de su barrio, del auto quemado, de la casa abandonada, etc. Y lo mandaban con el mismo orgullo con el cual escribimos y compilamos el libro. Porque para nosotros y nosotras, que nacimos, nos criamos, vivimos (y moriremos) ac\u00e1, es nuestra vida, nuestra vivencia y experiencia. Es parte de nuestra realidad, no es buena ni mala, es as\u00ed.<\/p>\n\n\n\n<p>Pens\u00e9moslo de esta forma, si uno escribe un policial ambientado en Jos\u00e9 C. Paz, \u00bfser\u00eda veros\u00edmil un criminal fr\u00edo y calculador con herramientas y procedimientos t\u00e9cnicos tan sofisticados que no deja huellas de su crimen, como Dexter? No, lisa y llanamente, no. Ni siquiera <em>9 Reinas<\/em>, quiz\u00e1s la mejor pel\u00edcula policial argentina de la historia, podr\u00eda suceder en el conurbano. Ser\u00eda mucho m\u00e1s veros\u00edmil un tipo que vende droga o un polic\u00eda corrupto.<\/p>\n\n\n\n<p>Para resumir y cerrar, desde el barrio veo el mundo y lo interpreto. Puedo combinar eso que tanto me gusta leer, que tanto me mueve con mi lugar en el mundo, desde el lugar que estoy parado. Borges ten\u00eda su Palermo. Hemingway, Par\u00eds. Yo tengo Quilmes. Por eso, creo que el estereotipo como algo malo lo ve el de \u201cafuera\u201d. Y no lo digo como algo negativo, al contrario. La idea de todo el proyecto es que lo vea el de afuera, que pueda experimentarlo como nosotros\/as, desde adentro. No es ni bueno ni malo, es. Y yo lo amo tal y como es.<\/p>\n\n\n\n<p><strong>El prop\u00f3sito del libro es \u00abflashear\u00bb, \u00bfpor qu<\/strong><strong>\u00e9 <\/strong><strong>elegiste ese t<\/strong><strong>\u00e9<\/strong><strong>rmino?<\/strong><\/p>\n\n\n\n<p>El t\u00e9rmino \u201cflashear\u201d es la descripci\u00f3n perfecta de lo que sucede cuando uno lee: ve pantallazos de escenas, escucha palabras en su cabeza, siente emociones que antes no estaban, o como yo, sale a buscar libros que no existen. Porque no es solo imaginar. No. Es que la imaginaci\u00f3n se manifieste en la realidad, tal y como sostiene Borges sobre el g\u00e9nero fant\u00e1stico.<\/p>\n\n\n\n<p>Es una suerte de experiencia psicod\u00e9lica pero sin el consumo de sustancias. De hecho, la primera vez que escuch\u00e9 el t\u00e9rmino dije \u201ceso, eso es lo que me pasa cuando leo \u2018La continuidad de los Parques\u2019 de Cort\u00e1zar\u201d. Incluso, si me permite el an\u00e1lisis, eso le pasa al personaje de ese cuento, <em>flashea<\/em> que lee una novela. Y, de repente, se da cuenta que la realidad es otra, pero es tarde, porque ah\u00ed nom\u00e1s est\u00e1 el pu\u00f1al.<\/p>\n\n\n\n<figure class=\"wp-block-image size-large\"><a href=\"https:\/\/open.spotify.com\/episode\/6Bh8Rfcq3hvGn0Co8nR5cy?si=FI139lXhTIC8NKk_rrHHQg&amp;utm_medium=share&amp;utm_source=linktree&amp;nd=1&amp;dlsi=9297c226f8e44735\"><img loading=\"lazy\" width=\"1024\" height=\"495\" src=\"https:\/\/vientosur.unla.edu.ar\/wp-content\/uploads\/2024\/09\/spotify-1024x495.png\" alt=\"\" class=\"wp-image-7084\" srcset=\"https:\/\/vientosur.unla.edu.ar\/wp-content\/uploads\/2024\/09\/spotify-1024x495.png 1024w, https:\/\/vientosur.unla.edu.ar\/wp-content\/uploads\/2024\/09\/spotify-300x145.png 300w, https:\/\/vientosur.unla.edu.ar\/wp-content\/uploads\/2024\/09\/spotify-768x371.png 768w, https:\/\/vientosur.unla.edu.ar\/wp-content\/uploads\/2024\/09\/spotify.png 1064w\" sizes=\"(max-width: 1024px) 100vw, 1024px\" \/><\/a><\/figure>\n\n\n\n<p><strong>En tu canal de Spotify se pueden escuchar los relatos, \u00bf<\/strong><strong>cre<\/strong><strong>\u00e9s que la literatura va mutando en ese sentido?<\/strong><\/p>\n\n\n\n<p>Creo que la literatura ser\u00e1 siempre literatura. No la veo ni cambiante ni cambiada, s\u00ed creo que, gracias a los avances tecnol\u00f3gicos de esta \u00e9poca, hay nuevos canales y plataformas para difundirla. El formato <em>podcast<\/em> literario no es nada nuevo ni revolucionario. Es una transformaci\u00f3n de las conferencias que daba Borges, de los cuentos que contaba Cort\u00e1zar, de lo que hac\u00eda Laiseca en I-Sat, Dolina en la radio, y tantos otros antes que yo.<\/p>\n\n\n\n<p>Sin embargo, entre esos modos y los actuales, encuentro dos diferencias. Una es que ahora todos y todas podemos acceder a hacerlo, sin depender del favor de las grandes corporaciones ni del mercado. Y la otra es que se puede escuchar cuando uno quiera. Imagino un lector que decide dedicar su momento de tranquilidad, o de viaje al trabajo, o cualquier momento, imagino esa persona que elige escuchar un cuento conurb\u00e1nico por <em>Spotify<\/em>, o mirarlo por <em>YouTube<\/em> y es lo mejor que puede pasarle a un cuentista.<\/p>\n\n\n\n<p><strong>En tus videos de youtube no hay una simple lectura del relato, sino que hay una interpretaci\u00f3n, una puesta en escena, \u00bfc\u00f3<\/strong><strong>mo surgi<\/strong><strong>\u00f3 esta<\/strong><strong> idea? <\/strong><strong><\/strong><\/p>\n\n\n\n<p>Los cuentos son en primera persona, el narrador es parte, tambi\u00e9n, de la historia y los visuales generan ciertas tensiones y complementos que potencian la narraci\u00f3n.<\/p>\n\n\n\n<p>En otras palabras, nuestra filosof\u00eda y est\u00e9tica persiguen dos objetivos, uno interno y uno externo. Hacia adentro, siempre innovar, ir hacia adelante, evitar la repetici\u00f3n, romper m\u00e1s y m\u00e1s barreras. Usted nunca encontrar\u00e1 lo mismo en nuestras temporadas. Los cuentos permanecen, todo lo dem\u00e1s, fluye, cambia, muta. Tal es as\u00ed que la nueva temporada ser\u00e1 musicalizada por un guitarrista y los cuentos ser\u00e1n derivados de canciones cl\u00e1sicas de <em>blues<\/em>.<\/p>\n\n\n\n<p>Y el objetivo hacia afuera es el mismo que el del libro: <em>flashear<\/em>. Por eso los visuales y la personificaci\u00f3n del narrador, que genere esa sensaci\u00f3n de que estamos ah\u00ed, en un mundo fant\u00e1stico, y pod\u00e9s sumarte cuando quieras.\u00a0<\/p>\n\n\n\n<div class=\"su-youtube su-u-responsive-media-yes\"><iframe width=\"480\" height=\"300\" src=\"https:\/\/www.youtube.com\/embed\/noOW_c5gx-w?\" frameborder=\"0\" allowfullscreen allow=\"autoplay; encrypted-media; picture-in-picture\" title=\"\"><\/iframe><\/div>\n\n\n\n<p><strong>\u00bfC\u00f3mo es vivir en el conurbano? <em>&nbsp;<\/em><\/strong><\/p>\n\n\n\n<p>Vivir en el conurbano, para m\u00ed, es una experiencia fant\u00e1stica. Uno est\u00e1 rodeado de portales, de accesos a lugares diferentes, luminosos y familiares, extra\u00f1os y oscuros, art\u00edsticos y crudos. En unas pocas cuadras puede pasar de un barrio de clase media a un bald\u00edo, de una parroquia a un altar del Gauchito Gil, de una villa con murales hermosos a un barrio privado de clase alta. Por eso lo camino todos los d\u00edas. A veces voy a lugares c\u00e9ntricos del conurbano y estaciono a veinte cuadras de donde tengo que ir para caminar, para recorrer, para respirar el aire de ese lugar, ver las pintadas en las paredes, las din\u00e1micas de cada barrio.<\/p>\n\n\n\n<p>Sin embargo, nuestro conurbano carga con un estigma completamente falaz. La inseguridad, por ejemplo, est\u00e1 en todos lados. En Palermo te roban las ruedas de los autos, en Belgrano tambi\u00e9n hay motochorros, y tambi\u00e9n hay pobreza y situaciones de marginalidad. Uno va al microcentro y a metros del Ministerio de Econom\u00eda hay gente que duerme en la calle. \u00bfEntonces por qu\u00e9 el estigma ac\u00e1 si son problem\u00e1ticas nacionales? Es una pregunta que le dejo para la pr\u00f3xima.<\/p>\n","protected":false},"excerpt":{"rendered":"<p>Un libro: Antolog\u00eda de la literatura fant\u00e1stica de Jorge Luis Borges, Silvina Ocampo y Adolfo Bioy Casares. Una idea: \u00bfY si se usa la estructura de esa antolog\u00eda, tanto te\u00f3rica como cuent\u00edstica, pero aplicada al conurbano? As\u00ed naci\u00f3 Antolog\u00eda de la Literatura Conurb\u00e1nica, un libro que re\u00fane 28 cuentos cortos de los escritores Mart\u00edn Ortiz [&hellip;]<\/p>\n","protected":false},"author":8,"featured_media":7087,"comment_status":"open","ping_status":"closed","sticky":true,"template":"","format":"standard","meta":{"_monsterinsights_skip_tracking":false,"_monsterinsights_sitenote_active":false,"_monsterinsights_sitenote_note":"","_monsterinsights_sitenote_category":0},"categories":[155,59],"tags":[],"coauthors":[208],"_links":{"self":[{"href":"https:\/\/vientosur.unla.edu.ar\/index.php\/wp-json\/wp\/v2\/posts\/7083"}],"collection":[{"href":"https:\/\/vientosur.unla.edu.ar\/index.php\/wp-json\/wp\/v2\/posts"}],"about":[{"href":"https:\/\/vientosur.unla.edu.ar\/index.php\/wp-json\/wp\/v2\/types\/post"}],"author":[{"embeddable":true,"href":"https:\/\/vientosur.unla.edu.ar\/index.php\/wp-json\/wp\/v2\/users\/8"}],"replies":[{"embeddable":true,"href":"https:\/\/vientosur.unla.edu.ar\/index.php\/wp-json\/wp\/v2\/comments?post=7083"}],"version-history":[{"count":1,"href":"https:\/\/vientosur.unla.edu.ar\/index.php\/wp-json\/wp\/v2\/posts\/7083\/revisions"}],"predecessor-version":[{"id":7086,"href":"https:\/\/vientosur.unla.edu.ar\/index.php\/wp-json\/wp\/v2\/posts\/7083\/revisions\/7086"}],"wp:featuredmedia":[{"embeddable":true,"href":"https:\/\/vientosur.unla.edu.ar\/index.php\/wp-json\/wp\/v2\/media\/7087"}],"wp:attachment":[{"href":"https:\/\/vientosur.unla.edu.ar\/index.php\/wp-json\/wp\/v2\/media?parent=7083"}],"wp:term":[{"taxonomy":"category","embeddable":true,"href":"https:\/\/vientosur.unla.edu.ar\/index.php\/wp-json\/wp\/v2\/categories?post=7083"},{"taxonomy":"post_tag","embeddable":true,"href":"https:\/\/vientosur.unla.edu.ar\/index.php\/wp-json\/wp\/v2\/tags?post=7083"},{"taxonomy":"author","embeddable":true,"href":"https:\/\/vientosur.unla.edu.ar\/index.php\/wp-json\/wp\/v2\/coauthors?post=7083"}],"curies":[{"name":"wp","href":"https:\/\/api.w.org\/{rel}","templated":true}]}}