{"id":7894,"date":"2026-03-06T12:26:32","date_gmt":"2026-03-06T15:26:32","guid":{"rendered":"https:\/\/vientosur.unla.edu.ar\/?p=7894"},"modified":"2026-04-01T10:29:22","modified_gmt":"2026-04-01T13:29:22","slug":"la-irrupcion-de-amelia-podetti-en-la-unla","status":"publish","type":"post","link":"https:\/\/vientosur.unla.edu.ar\/index.php\/la-irrupcion-de-amelia-podetti-en-la-unla\/","title":{"rendered":"La irrupci\u00f3n de Amelia Podetti en la UNLa"},"content":{"rendered":"\n<p><strong>El archivo de la pensadora nacional fue donado por la familia Podetti a nuestra Biblioteca <\/strong><strong><\/strong><\/p>\n\n\n\n<p><strong>I. Amelia Podetti y el mundo acad\u00e9mico occidental\u00a0 <\/strong><\/p>\n\n\n\n<p>El escritor, poeta y ensayista, Leopoldo Marechal (Ciudad de Buenos Aires, 1900-1970) en su libro: <em>Megaf\u00f3n o la Guerra<\/em> (1970)<a href=\"#_ftn1\" id=\"_ftnref1\"><sup>[1]<\/sup><\/a> narra las aventuras de un joven, Megaf\u00f3n, que sufre por su Patria: con un pueblo que hac\u00eda 1970 estaba impedido de elegir a sus l\u00edderes y con los principales recursos econ\u00f3micos, culturales y energ\u00e9ticos en manos de sectores for\u00e1neos<a href=\"#_ftn2\" id=\"_ftnref2\"><sup>[2]<\/sup><\/a>. A pesar de todo, en esa novela, Megaf\u00f3n resiste. Intenta batallar por la liberaci\u00f3n de su pa\u00eds en varios frentes a la vez. Muchos estudiosos y estudiosas<a href=\"#_ftn3\" id=\"_ftnref3\"><sup>[3]<\/sup><\/a> leyeron el libro vinculando las ideas del joven Megaf\u00f3n con otras similares ya expresadas por Pensadores y Pensadoras Nacionales (Arturo Jauretche, Ram\u00f3n Doll, Scalabrini Ort\u00edz, Manuel Ugarte, etc\u2026) arribaban a la conclusi\u00f3n sobre la existencia de una batalla cultural por librar en nuestro pa\u00eds.<\/p>\n\n\n\n<p>Por las caracter\u00edsticas geopol\u00edticas de Argentina, la batalla cultural es probablemente la \u201cmadre de todas las batallas\u201d. Arturo Jauretche en 1948 se\u00f1alaba: \u201c\u00bbEn las naciones coloniales, despojadas del poder pol\u00edtico directo y sometidas a las fuerzas de ocupaci\u00f3n extranjera, los problemas de la penetraci\u00f3n cultural pueden revestir menos importancia para el imperialismo, puesto que sus privilegios econ\u00f3micos est\u00e1n asegurados por la persuasi\u00f3n de la artiller\u00eda. La formaci\u00f3n de una conciencia nacional en ese tipo de pa\u00edses no encuentra obst\u00e1culos, sino que, por el contrario, es estimulada por la simple presencia de la potencia extranjera en suelo natal [\u2026] Pero en las semicolonias que gozan de un estatus pol\u00edtico independiente decorado por la ficci\u00f3n jur\u00eddica, aquella colonizaci\u00f3n se revela esencial, pues no dispone de otra fuerza para asegurar la perpetuaci\u00f3n del dominio imperialista, y ya es sabido que las ideas, en cierto grado de su evoluci\u00f3n, se truecan en fuerza material. De este hecho nace la tremenda importancia de un estudio circunstanciado de la cultura argentina o pseudo argentina, forjada por un signo de dictadura espiritual olig\u00e1rquica.<a href=\"#_ftn4\" id=\"_ftnref4\"><sup>[4]<\/sup><\/a>\u201d<\/p>\n\n\n\n<p>Como el joven Megaf\u00f3n, Amelia Podetti, desde distintos espacios, formas y formatos, luch\u00f3 contra la colonizaci\u00f3n pedag\u00f3gica y cultural que impero(a) en los \u00e1mbitos acad\u00e9micos y cient\u00edficos en Argentina. En este punto me interesa detenerme para destacar la originalidad con la cual Amelia Podetti emprendi\u00f3 la batalla.<\/p>\n\n\n\n<p>A diferencia de buena parte de los Pensadores Nacionales, Amelia Podetti eligi\u00f3 el campo universitario y el registro acad\u00e9mico para librar sus combates, un terreno y un l\u00e9xico generalmente adversos para el Pensamiento Nacional y Latinoamericano, por al menos dos razones.<\/p>\n\n\n\n<p>En primer lugar, los espacios acad\u00e9micos, como han demostrado estudiosos que van desde Pierre Bourdieu<a href=\"#_ftn5\" id=\"_ftnref5\"><sup>[5]<\/sup><\/a> a Aritz Recalde<a href=\"#_ftn6\" id=\"_ftnref6\"><sup>[6]<\/sup><\/a>, son lugares jerarquizados, exclusivos y resistentes a cr\u00edticas o transformaciones. Con el tiempo, el campo acad\u00e9mico en modo posmoprogresista<a href=\"#_ftn7\" id=\"_ftnref7\"><sup>[7]<\/sup><\/a> ha resuelto las diferencias internas con la creaci\u00f3n de nuevas disciplinas, \u00e1reas de estudios, o como dicen los especialistas en m\u00e9todos de investigaci\u00f3n, \u201cnuevas epistemolog\u00edas\u201d.<\/p>\n\n\n\n<p>El mundo acad\u00e9mico cient\u00edfico no asumi\u00f3 las cr\u00edticas realizadas por los fil\u00f3sofos, pensadores e intelectuales de \u201clas periferias\u201d, ni siquiera los posmodernos, que nacieron en respuesta a las \u201cfallas de la modernidad\u201d, han cuestionado la estructuraci\u00f3n \u2013y solidificaci\u00f3n- de las ciencias en la actualidad. M\u00e1s bien, este \u00faltimo grupo, aparentemente, una vez que logr\u00f3 los espacios que a\u00f1oraba, r\u00e1pidamente olvid\u00f3 sus reclamos a la \u201cAcademia\u201d. Resultado: todos los conocimientos, perspectivas y corrientes de pensamiento tuvieron su lugar en el universo posmoderno de las Ciencias: Transhumanismo, estudios decoloniales, de g\u00e9nero, sobre los derechos humanos considerados \u201cuniversales\u201d, estudios sobre los llamados \u201cpueblos originarios\u201d, epistemolog\u00eda cr\u00edtica y feminista, epistemolog\u00eda anal\u00f3gica, teor\u00edas de discurso y contra discurso, estudios de las minor\u00edas e hijos de esas minor\u00edas, etc. El problema del siglo XXI para los que habitamos esta regi\u00f3n del planeta trata sobre que este reordenamiento no reformul\u00f3 las jerarqu\u00edas acad\u00e9micas en Occidente.&nbsp;&nbsp;&nbsp;<\/p>\n\n\n\n<p>Para ser m\u00e1s precisos, \u201cLo universal\u201d no es un espacio justamente universal, si entendemos lo universal como la totalidad de las tierras pobladas por humanos, m\u00e1s bien es un constructo elaborado por ciertos intelectuales del Atl\u00e1ntico Norte hace no m\u00e1s de 200 a\u00f1os.<\/p>\n\n\n\n<p>En ese sentido, es una imaginario exclusivista \u2013no inclusivo-, con normativas, comportamientos y acciones a llevar a cabo y a cumplir para poder formar parte del selecto grupo cient\u00edfico acad\u00e9mico. Hay que conectarse y\/o ser aceptados por los acad\u00e9micos encumbrados de la OTAN, asociarse a sus organizaciones, seguirlos en sus redes, participar en sus Congresos, Simposios, Jornadas y dem\u00e1s eventos sociales. Para decirlo de otra manera, el acad\u00e9mico iberoamericano debe firmar una suerte de contrato en donde se aceptan los artificios, pautas, reglas y dem\u00e1s mecanismos sofisticados que permiten que los intelectuales y acad\u00e9micos de la OTAN sigan dominando el poder simb\u00f3lico de ese supuesto (e impuesto) \u201cuniverso\u201d.<\/p>\n\n\n\n<p>Amelia Podetti decidi\u00f3 intervenir en el campo acad\u00e9mico cient\u00edfico a partir del an\u00e1lisis cr\u00edtico de las obras de los principales ide\u00f3logos, pensadores y te\u00f3ricos que construyeron, desde las principales ciudades del Atl\u00e1ntico Norte, la idea de un Civilizaci\u00f3n Occidental, a saber:&nbsp; materialista, liberal, evolucionista, euroc\u00e9ntrica, racionalista, progresista, laica, -falsamente- relativista, imperialista. Amelia Podetti estudi\u00f3, revis\u00f3 y cr\u00edtico las obras de Francis Bac\u00f3n, David Hume, Adam Smith, Immanuel Kant, Thomas Hobbes (A. Podetti, 1974) y Claude Levi Straus (A. Podetti, 1969), entre tantos otros, arremete contra lo que ella llama: \u201clos ide\u00f3logos de la comunidad disociada\u201d (A. Podetti, 1975) y \u201clos te\u00f3ricos de la dependencia\u201d (Karl Marx, Frederic Engels, Darcy Ribeiro). Ladrillo por ladrillo, columna por columna, con distintos textos pretendi\u00f3 desarticular los presupuestos fundacionales de la idea Civilizatoria hegem\u00f3nica en los espacios de poder simb\u00f3lico de Occidente. Intent\u00f3 por mostrar qu\u00e9 en las Am\u00e9ricas, en el llamado \u201ctercer mundo\u201d, vibra otra idea de Civilizaci\u00f3n, distinta y resistente a la idea civilizatoria que proponen los ide\u00f3logos, pensadores y te\u00f3ricos del Atl\u00e1ntico Norte.<\/p>\n\n\n\n<p>La profundidad, consistencia y originalidad de su obra puede observarse a partir de sus intervenciones acad\u00e9micas como de su recorrido&nbsp; cient\u00edfico, cultural y pol\u00edtico, como lo han expresado varios autoras y autores como: Ramiro Podetti<a href=\"#_ftn8\" id=\"_ftnref8\"><sup>[8]<\/sup><\/a>, Jos\u00e9 Mario Bergoglio S.J. (Papa Francisco)<a href=\"#_ftn9\" id=\"_ftnref9\"><sup>[9]<\/sup><\/a>, Ana Mar\u00eda Aimeta de Colotti<a href=\"#_ftn10\" id=\"_ftnref10\"><sup>[10]<\/sup><\/a>, Aritz Recalde<a href=\"#_ftn11\" id=\"_ftnref11\"><sup>[11]<\/sup><\/a>, Armando Poratti<a href=\"#_ftn12\" id=\"_ftnref12\"><sup>[12]<\/sup><\/a>, Massimo Borhesi<a href=\"#_ftn13\" id=\"_ftnref13\"><sup>[13]<\/sup><\/a>, Damian Descalzo<a href=\"#_ftn14\" id=\"_ftnref14\"><sup>[14]<\/sup><\/a>, Mar\u00eda Villalba<a href=\"#_ftn15\" id=\"_ftnref15\"><sup>[15]<\/sup><\/a>, Javier L\u00f3pez<a href=\"#_ftn16\" id=\"_ftnref16\"><sup>[16]<\/sup><\/a>, Emmanuel Bonforti<a href=\"#_ftn17\" id=\"_ftnref17\"><sup>[17]<\/sup><\/a>, Juan Pedro Denaday<a href=\"#_ftn18\" id=\"_ftnref18\"><sup>[18]<\/sup><\/a>, Victor Dante Alo\u00e9<a href=\"#_ftn19\" id=\"_ftnref19\"><sup>[19]<\/sup><\/a>, Facundo Di Vincenzo<a href=\"#_ftn20\" id=\"_ftnref20\"><sup>[20]<\/sup><\/a><\/p>\n\n\n\n<p><strong>II. Brev\u00edsimo recorrido por su vida y obra&nbsp;<\/strong><\/p>\n\n\n\n<p>Amelia Podetti estudi\u00f3 Filosof\u00eda en la Facultad de Filosof\u00eda y Letras de la Universidad de Buenos Aires, tambi\u00e9n estudi\u00f3 el Profesorado de Filosof\u00eda egresando en 1958, al tiempo curso materias de la Lic. en bibliotecolog\u00eda en la misma Universidad.&nbsp; Entre 1962 y 1963 fue becada para estudiar en la Universidad de Par\u00eds y en el Institut Catholique, al mismo tiempo que inici\u00f3 su carrera como docente universitaria, formando parte de las llamadas: \u201cC\u00e1tedras Nacionales.\u201d Ahora bien, \u00bfQu\u00e9 eran las C\u00e1tedras Nacionales?<\/p>\n\n\n\n<p>Otra pensadora Nacional y soci\u00f3loga argentina, Alcira Argumedo (Rosario, 1940-2021) explica brevemente que objeto ten\u00edan estas C\u00e1tedras: \u201cLas C\u00e1tedras buscaron recuperar la potencialidad te\u00f3rica de concepciones que hab\u00edan impregnado la vida y la trayectoria de las clases populares latinoamericanas, pero cuya validez conceptual era negada en los claustros acad\u00e9micos. Esa peculiar experiencia realizada en la Facultad de Filosof\u00eda y Letras de la Universidad de Buenos Aires. La guerra de Vietnam golpeaba por entonces las conciencias occidentales; amplias fracciones juveniles en Europa criticaban las burocracias del pensamiento y levantaban la consigna de la imaginaci\u00f3n. Distintos movimientos pol\u00edticos de Am\u00e9rica Latina horadaban el poder de los sectores privilegiados y los intereses imperiales. Los procesos de liberaci\u00f3n en el Tercer Mundo y la presencia en los foros intergubernamentales de las naciones asi\u00e1ticas y africanas recientemente independizadas, promov\u00edan una soberan\u00eda integral y la significaci\u00f3n de sus identidades culturales. Quer\u00edan construir un orden mundial equilibrado para revertir los dominios coloniales y neocoloniales, que sistem\u00e1ticamente drenaban los recursos del Sur hacia los pa\u00edses centrales.<a href=\"#_ftn21\" id=\"_ftnref21\"><sup>[21]<\/sup><\/a>\u201d<\/p>\n\n\n\n<p>A partir de 1971, Amelia Podetti comenz\u00f3 a integrar definitivamente la organizaci\u00f3n peronista: \u201cGuardia de Hierro\u201d, en cuyo \u00e1mbito fund\u00f3 y dirigi\u00f3 una nueva \u00e9poca de la hist\u00f3rica revista <em>Hechos e Ideas<\/em> en 1973, con el advenimiento del tercer gobierno peronista, y desde la cual se convirti\u00f3 en una de las principales ide\u00f3logas de la agrupaci\u00f3n. En 1975, bajo la presidencia constitucional de Mar\u00eda Estela Mart\u00ednez de Per\u00f3n, fue designada a cargo de la Direcci\u00f3n Nacional de Cultura, creando el Premio Consagraci\u00f3n Nacional, que sigue en vigencia, y que recibieron entre otros Leonardo Castellani, Yolanda Ortiz y H\u00e9ctor Tiz\u00f3n. Luego de la instalaci\u00f3n de la \u00faltima dictadura c\u00edvico militar en argentina, en marzo de 1976, Amelia Podetti se dedic\u00f3 a estudiar el pensamiento latinoamericano, obra que fue recogida en forma p\u00f3stuma en el texto: <em>La irrupci\u00f3n de Am\u00e9rica en la historia<\/em> (A. Podetti, 1981), dedicado a pensar el mundo desde Am\u00e9rica. En sus \u00faltimos a\u00f1os Amelia hab\u00eda profundizado el estudio cr\u00edtico de Georg Hegel (Sttutgart, 17701831) mostrando la ausencia de Am\u00e9rica su c\u00e9lebre obra sobre la historia de la filosof\u00eda. Recordemos qu\u00e9 para Hegel, la historia de la filosof\u00eda viaja de Oriente a Occidente. Amelia Podetti, en cambio, recurriendo a San Agust\u00edn, incorpora a Am\u00e9rica \u00abcomo un espacio virtuoso desde donde se pod\u00eda efectivamente plantear la universalidad\u00bb, lejos del trasfondo imperial europe\u00edsta que sostiene el concepto de \u00abEsp\u00edritu Absoluto\u00bb en el que finalizaba la historia seg\u00fan Hegel.<\/p>\n\n\n\n<p>La obra de Amelia Podetti se enmarca en materia metodol\u00f3gica dentro de la corriente de estudio conceptualizada por Ferm\u00edn Ch\u00e1vez como \u201cepistemolog\u00eda de la periferia\u201d. Esto supone la cuesti\u00f3n de nosotros latinoamericanos y la indagaci\u00f3n sobre como pensarnos considerando que la historia de la regi\u00f3n se desenvuelve en un escenario en donde se entremezclaron aventureros, esclavos, ind\u00edgenas, segundones, europeos desheredados, culturas \u00e1rabes, japonesas, rusos, armenios, coreanos, chinos. Todos ellos unificados originalmente en el proceso traum\u00e1tico de la conquista y la colonizaci\u00f3n. En este sentido, parte del reconocimiento de la heterogeneidad cultural de los sectores populares de Am\u00e9rica Latina, y sirve para desenmascarar el proceso de homogeneizaci\u00f3n impulsada, ejercida e implementada por las clases dominantes.<\/p>\n\n\n\n<p>En <em>El Pensamiento Nacional. Breviario e itinerario <\/em>(Buenos Aires, 1999), Ferm\u00edn Ch\u00e1vez define a la \u201cEpistemolog\u00eda de la periferia\u201d de esta manera: \u201cLos argentinos -que hemos sido construidos hist\u00f3ricamente seg\u00fan ciertos universales- necesitamos una nueva ciencia del pensar, otra episteme, la que viene siendo elaborada a partir de lo particular, es decir, sin subordinaci\u00f3n a universales dominantes y que proceden interesadamente del sistema central de poder. Repitamos as\u00ed que vale este cuasi axioma: si cultura es poder, cultura nacional es poder nacional.<a href=\"#_ftn22\" id=\"_ftnref22\"><sup>[22]<\/sup><\/a>\u201d<\/p>\n\n\n\n<p>En definitiva, dicha epistemolog\u00eda visibiliza el problema de pensar la historia de la historiograf\u00eda en su relaci\u00f3n con la historia de los pueblos. \u00bfC\u00f3mo es esto?<\/p>\n\n\n\n<p>La relaci\u00f3n de los llamados Estado Naci\u00f3n por la historiograf\u00eda oficial, en su relaci\u00f3n con el pueblo y la democracia ha sido escasamente abordada. Como se\u00f1ala Aritz Recalde en su libro <em>Intelectuales, Peronismo y Universidad<\/em>: \u201cLa Universidad, en muchos casos, es responsable del infecundo desencuentro de generaciones de intelectuales con su pa\u00eds y con su pueblo. La actividad intelectual pierde su sentido m\u00e1s all\u00e1 de mejorar el salario de quien obtiene un t\u00edtulo y de engordar el burocr\u00e1tico CV de los directores de tesis. La ciencia se burocratiza y se organiza como una carrera de mero rejunte de certificados. Si dicha inexpresiva forma de producir conocimiento s\u00f3lo significara tirar horas de trabajo y derrochar presupuesto p\u00fablico, no ser\u00eda tan grave. El problema fundamental es que la actividad cient\u00edfica se vuelve in\u00fatil y se profundiza nuestra condici\u00f3n cultural y tecnol\u00f3gica dependiente. Sin soberan\u00eda cultural, cient\u00edfica y tecnol\u00f3gica, la econom\u00eda ser\u00e1 satelizada por las potencias extranjeras y por las multinacionales. A un Estado d\u00e9bil en el plano econ\u00f3mico, le corresponder\u00e1 una situaci\u00f3n semicolonial en los \u00e1mbitos pol\u00edticos. La dependencia cultural propia de nuestros intelectuales, favoreci\u00f3 la conformaci\u00f3n de una dirigencia pol\u00edtica neocolonial, carente de conciencia nacional y falta de sentido trascendente.<a href=\"#_ftn23\" id=\"_ftnref23\"><sup>[23]<\/sup><\/a>\u201dEn l\u00ednea con lo se\u00f1alado por Aritz Recalde, el problema de la intelectualidad y su desencuentro con su pa\u00eds y pueblo tiene ra\u00edces muy profundas que provienen de una doble exclusi\u00f3n de la historia de los pueblos en Am\u00e9rica Latina y el Caribe. Es doble porque primero hubo una exclusi\u00f3n de los pueblos respecto a la historia oficial creada por los Estados Naci\u00f3n surgidos durante el siglo XIX; y segundo, hubo otra exclusi\u00f3n de los pueblos respecto a las formas de representaci\u00f3n pol\u00edtica implementadas por estos Estados. Al mismo tiempo, el problema se relaciona estrechamente con los efectos generados por una colonizaci\u00f3n cultural y pedag\u00f3gica que oper\u00f3 y opera vaciando el contenido de lo que significa ejercer la ciudadan\u00eda en esta regi\u00f3n del planeta<\/p>\n\n\n\n<p><strong>III. El archivo de Amelia en la UNLa: un recorrido para su arribo en tres actos&nbsp; <\/strong><strong><\/strong><\/p>\n\n\n\n<p><strong><em>Acto 1<\/em><\/strong><\/p>\n\n\n\n<p>El fil\u00f3sofo banfile\u00f1o, Ezequiel Gonz\u00e1lez, autor de una serie de ensayos ultra recomendables sobre el acontecer de nuestra especie en el siglo XXI: <em>Teor\u00eda del suelo. Anticonferencias desde los patios<\/em> (2019), <em>Filosof\u00eda menor y petisa<\/em> (2020), <em>Post-its al capitalismo espiritual. Sobre control, pandemia, robots, consumidores finales y c\u00f3mo comenz\u00f3 la tristeza y unas pocas cosas m\u00e1s<\/em> (2023), all\u00e1 por el a\u00f1o 2010 cursando filosof\u00eda en un profesorado de Adrogu\u00e9, conoci\u00f3 a un profesor llamado Miguel Nesprias, quien hab\u00eda preparado un peque\u00f1o seminario sobre Pensamiento Nacional. Result\u00f3 que Nesprias era amigo de Bergoglio (dice Ezequiel: \u201cBruno D\u00edaz en esa \u00e9poca). En una de esas clases Nespr\u00edas habl\u00f3 sobre Amelia Podetti, con quien el docente de adrogu\u00e9 hab\u00eda compartido la facultad y a\u00f1os de militancia. Les recomend\u00f3 para leer dos trabajos de Amelia<em>: La comunidad disociada y sus fil\u00f3sofos<\/em> (A. Podetti, 1975) y <em>La irrupci\u00f3n de Am\u00e9rica en el mundo<\/em> (A. Podetti, 1986).<\/p>\n\n\n\n<p><strong><em>Acto 2<\/em><\/strong><\/p>\n\n\n\n<p>En la UNLa, mientras el fil\u00f3sofo banfile\u00f1o (Ezequiel Gonz\u00e1lez) cursaba el Posgrado: Especializaci\u00f3n en Pensamiento Nacional y Latinoamericano, el docente Aritz Recalde abre su seminario: \u201cUniversidad y Pensamiento Nacional y Latinoamericano\u201d, con una clase sobre Amelia Podetti. Luego, indagando, Ezequiel da cuenta que Aritz Recalde le hab\u00eda dedicado un cap\u00edtulo en uno de sus libros (Recalde, 2016). Luego, en otro seminario, encuentra como profesor a uno de los hermanos de Amelia, Humberto, profesor junto a Matias Mattalini del Seminario \u201cDoctrina Social de la Iglesia en el Pensamiento Nacional y Latinoamericano\u201d en el mencionado Posgrado, dice Ezequiel: \u201cTerrible docente. Ah\u00ed apareci\u00f3 el hilo de Ariadna.\u201d<\/p>\n\n\n\n<p><strong><em>Acto 3<\/em><\/strong><strong><\/strong><\/p>\n\n\n\n<p>La parte m\u00e1s importante de este recorrido, dejamos que la narr\u00e9 el fil\u00f3sofo Banfile\u00f1o: \u201cAl conocer a Humberto, le habl\u00e9 de mi profesor del profesorado de periferia, e hicimos migas. Le mostr\u00e9 que ven\u00eda escribiendo y pensando algunas ideas, y las enc\u00edclicas de Francisco. \u00c9l, en sus clases, explicaba la labor de Francisco, lo importante de su papado. Unos a\u00f1os despu\u00e9s, me dio por preguntarle si hab\u00eda manuscritos, textos in\u00e9ditos que faltaban de su hermana. Ah\u00ed se juntaron los hermanos. Se sum\u00f3 su sobrina Clara, hija de otra hermana de Amelia, de nombre Laura. Ven\u00edan trabajando sobre el salvataje de la universidad, pero en un naufragio. Nos reunimos en tres caf\u00e9s distintos, hablando y tirando del piol\u00edn, y decidieron que la UNLa resguardara estos papeles con la idea de \u00abmultiplicar estos panes\u00bb. Todav\u00eda no sabemos el valor de esto. Hubo muchos cerrajeros en este laberinto: Ana Mele y Aritz fueron las llaves.\u201d (Ezequiel Gonz\u00e1lez).<\/p>\n\n\n\n<p>Tras el periplo, la Universidad Nacional de Lan\u00fas ha recibido la donaci\u00f3n del archivo de la destacada fil\u00f3sofa, ensayista y escritora. Este importante acervo fue recibido por nuestra vicerrectora y secretaria acad\u00e9mica, Georgina Hern\u00e1ndez; Marcos Mele, secretario de Investigaci\u00f3n y Posgrado; Aritz Recalde, director del Departamento de Humanidades y Artes y Javier Areco, director de la Biblioteca \u00abRodolfo Puiggr\u00f3s\u00bb.<br>La donaci\u00f3n, que marca el inicio de un ambicioso proyecto de preservaci\u00f3n y estudio, llega a la UNLa gracias a Humberto Podetti, Jos\u00e9 Ramiro Podetti -presentes en el acto de entrega- e Isabel Clara Eugenia Flores, familiares de Amelia. Consta de aproximadamente 1.600 folios que incluyen manuscritos, apuntes de clases, correspondencia y fotograf\u00edas personales, cuyo valor reside en la riqueza intelectual que ahora formar\u00e1 parte del patrimonio de la UNLa para consultas acad\u00e9micas e investigaci\u00f3n en un nuevo espacio de la biblioteca.<\/p>\n\n\n\n<p>La irrupci\u00f3n de Amelia Podetti en la UNLa, se suma a una serie de eventos afortunados, en donde se expande la obra de la Pensadora Nacional. En la Universidad Nacional de La Plata, el a\u00f1o pasado se inaugur\u00f3 la C\u00e1tedra Amelia Podetti, hace ya unos cuantos a\u00f1os en la Especializaci\u00f3n en Pensamiento Nacional y Latinoamericano de nuestra Universidad, Humberto Podetti y Matias Mattalini, dictan el Seminario \u201cDoctrina Social de la Iglesia en el Pensamiento Nacional y Latinoamericano\u201d, donde la obra de Amelia ocupa un lugar central, adem\u00e1s hace unos a\u00f1os tambi\u00e9n, a partir de un grupo de compa\u00f1eros y compa\u00f1eras de Amelia, volvi\u00f3 a resurgir la Revista <em>Hechos e ideas<\/em>. Por \u00faltimo, en el 2025, la Universidad Nacional de Lan\u00fas public\u00f3 el libro:&nbsp; <em>Francisco y la Filosof\u00eda de la Liberaci\u00f3n. Apuntes para un dialogo posible entre una corriente de la filosofia latinoamericana y el pensamiento de Francisco<\/em> (Ediciones de la UNLa. 2025) compilado por Matias Mattalini y Facundo Di Vincenzo, y en donde hay varios cap\u00edtulos que recorren algunos de sus trabajos de Amelia, adem\u00e1s de demostrar la vigencia de sus ideas durante el papado de Francisco.<br>A partir de la llegada del archivo de Amelia, el Equipo Investigador de la UNLa asume la tarea de organizar, clasificar y difundir esta obra para facilitar un mejor conocimiento de su pensamiento en una perspectiva amplia. Se realizar\u00e1 tambi\u00e9n una convocatoria p\u00fablica para sumar testimonios y materiales que completen este archivo, reafirmando el rol de la Biblioteca y el Centro de Documentaci\u00f3n como guardianes de nuestra memoria cultural.<\/p>\n\n\n\n<p><strong>Bibliograf\u00eda mencionada: <\/strong><strong><\/strong><\/p>\n\n\n\n<ul><li>Gonz\u00e1lez, Ezequiel, Teor\u00eda del suelo. Anticonferencias desde los patios, Buenos Aires, Bolivia, 2019.<\/li><li>Gonz\u00e1lez, Ezequiel, Filosof\u00eda menor y petisa, Rosario, Ediciones del Trinche, 2020.<\/li><li>Gonz\u00e1lez, Ezequiel, Post-its al capitalismo espiritual. Sobre control, pandemia, robots, consumidores finales y c\u00f3mo comenz\u00f3 la tristeza y unas pocas cosas m\u00e1s, Lomas de Zamora, Origami Criollo, 2023.<\/li><li>Recalde, Aritz, <em>Intelectuales, Peronismo y Universidad<\/em>, Buenos Aires, Punto de Encuentro, 2016<\/li><li>Podetti, Amelia, \u201cCiencia Social y Filosof\u00eda\u201d, Revista Hechos e Ideas, Buenos Aires, A\u00f1o 1, n\u00ba 3, Tercera \u00c9poca, Marzo \/ abril 1974, pp. 63-77.<\/li><li>Podetti, Amelia, \u201cLevi Strauss, Estructuralismo y tercer mundo\u201d, Revista de Antropologia 3er Mundo, Buenos Aires, A\u00f1o 1, n\u00ba 2, pp. 19-27.<\/li><li>Podetti, Amelia, La Comunidad disociada y sus fil\u00f3sofos, Revista Hechos e Ideas, Buenos Aires, A\u00f1o 1, n\u00ba 3, Tercera \u00c9poca, Enero \/ abril 1975, pp. 70-88.<\/li><li>Podetti, Amelia, La irrupci\u00f3n de Am\u00e9rica en el Mundo, Revista Hechos e Ideas, Buenos Aires, A\u00f1o 13, n\u00ba 14, Tercera \u00c9poca, Noviembre \/ Diciembre 1986, pp. 35-47.<\/li><\/ul>\n\n\n\n<hr class=\"wp-block-separator\"\/>\n\n\n\n<p><a href=\"#_ftnref1\" id=\"_ftn1\"><sup>[1]<\/sup><\/a>Marechal, Leopoldo, <em>Megaf\u00f3n o la guerra<\/em> [1970], Buenos Aires, Sudamericana, 1988.<\/p>\n\n\n\n<p><a id=\"_ftn2\" href=\"#_ftnref2\"><sup>[2]<\/sup><\/a>La palabra tiene origen etimol\u00f3gico en el vocablo del bajo lat\u00edn foraneus, que es un adjetivo que hace referencia a lo extranjero o ajeno. El t\u00e9rmino puede aludir a una persona, a un objeto, a una costumbre. Diccionario de la Real Academia Espa\u00f1ola: <a href=\"https:\/\/dle.rae.es\/for%25C3%25A1neo\">https:\/\/dle.rae.es\/for%C3%A1neo<\/a><\/p>\n\n\n\n<p><a id=\"_ftn3\" href=\"#_ftnref3\"><sup>[3]<\/sup><\/a> Edwards, Rodolfo, \u201cEl compa\u00f1ero Marechal\u201d, en <em>Caras y Caretas<\/em>, edici\u00f3n especial en homenaje a Leopoldo Marechal, Buenos Aires, 7 de junio de 2020; Maturo, Graciela, Marechal. <em>El camino de la belleza<\/em>, Buenos Aires, Biblos, 1996; Guimil R\u00edos, Eduardo Juan, Marechal: \u201cCronista de las dos batallas\u201d, en: <em>Revista Hechos e ideas<\/em>, Buenos Aires, A\u00f1o 2, N\u00ba 8,\u00a0 Tercera \u00e9poca, Enero-Abril 1975, pp. 52-59.\u00a0\u00a0\u00a0\u00a0<\/p>\n\n\n\n<p><a href=\"#_ftnref4\" id=\"_ftn4\"><sup>[4]<\/sup><\/a>Jauretche, Arturo, <em>Los profetas del odio y la yapa. La colonizaci\u00f3n pedag\u00f3gica<\/em>, Buenos Aires, Ed. Pe\u00f1a Lillo, 1948, p. 146.<\/p>\n\n\n\n<p><a id=\"_ftn5\" href=\"#_ftnref5\"><sup>[5]<\/sup><\/a>Bourdieu, Pierre, Campo de poder, campo intelectual, Buenos Aires, Quadata, 2003; Bourdieu, Pierre y Passeron, Jean Claude, Los Herederos. Los estudiantes y la cultura, Buenos Aires, Siglo XXI Editores, 2006.<\/p>\n\n\n\n<p><a href=\"#_ftnref6\" id=\"_ftn6\"><sup>[6]<\/sup><\/a>Recalde, Aritz, <em>Intelectuales, Peronismo y Universidad<\/em>, Buenos Aires, Punto de Encuentro, 2016.<\/p>\n\n\n\n<p><a id=\"_ftn7\" href=\"#_ftnref7\"><sup>[7]<\/sup><\/a>Di Vincenzo, El Posmoprogresismo: Liberales de corral y progresistas sin nido, Buenos Aires, Revista Movimiento, 20-02-2021, En: <a href=\"https:\/\/www.revistamovimiento.com\/historia\/el-posmoprogresismo-liberalesde-corral-y-progresistas-sin-nido\/\">https:\/\/www.revistamovimiento.com\/historia\/el-posmoprogresismo-liberalesde-corral-y-progresistas-sin-nido\/<\/a><\/p>\n\n\n\n<p><a id=\"_ftn8\" href=\"#_ftnref8\"><sup>[8]<\/sup><\/a>Podetti, Ramiro, \u201cAdvertencia preliminar\u201d, en: Podetti, Amelia, <em>Comentario a la introducci\u00f3n a la<\/em> <em>fenomenolog\u00eda del esp\u00edritu<\/em>, Buenos Aires, Editorial Biblos, 2007.\u00a0<\/p>\n\n\n\n<p><a id=\"_ftn9\" href=\"#_ftnref9\"><sup>[9]<\/sup><\/a>Bergoglio, Jorge Mario S.J. (Papa Francisco), Pr\u00f3logo, en: Podetti, Amelia, <em>Comentario a la introducci\u00f3n a<\/em> <em>la fenomenolog\u00eda del esp\u00edritu<\/em>, Buenos Aires, Editorial Biblos, 2007.\u00a0<\/p>\n\n\n\n<p><a id=\"_ftn10\" href=\"#_ftnref10\"><sup>[10]<\/sup><\/a>Aimetta de Colotti, Ana Mar\u00eda, en: Podetti, Amelia, <em>Comentario a la introducci\u00f3n a la fenomenolog\u00eda del esp\u00edritu<\/em>, Buenos Aires, Editorial Biblos, 2007.\u00a0\u00a0\u00a0\u00a0<\/p>\n\n\n\n<p><a href=\"#_ftnref11\" id=\"_ftn11\"><sup>[11]<\/sup><\/a>Recalde, Aritz, \u201cCiencia y pol\u00edtica en el pensamiento de Amelia Podetti\u201d, en Revista Perspectivas<\/p>\n\n\n\n<p>Metodol\u00f3gicas, Universidad Nacional de Lan\u00fas, Volumen 13, 2013.&nbsp;<\/p>\n\n\n\n<p><a id=\"_ftn12\" href=\"#_ftnref12\"><sup>[12]<\/sup><\/a>Poratti, Armando, \u201cAmelia Podetti, sobre la ciencia y la pol\u00edtica\u201d, en Hechos e Ideas, Tercera \u00e9poca, n\u00b0 23 \/ 24 Noviembre, 1995.<\/p>\n\n\n\n<p><a href=\"#_ftnref13\" id=\"_ftn13\"><sup>[13]<\/sup><\/a>Borghesi, Massimo, \u201cAmelia Podetti, la mujer que inspir\u00f3 a Bergoglio\u201d, en: <em>Jorge Mario Bergoglio. Una<\/em><em><\/em><\/p>\n\n\n\n<p><em>biografia intellettuale. Dialettica e mistica<\/em>, Jaca Book, Mil\u00e1n, Jaca Book, 2017<\/p>\n\n\n\n<p><a id=\"_ftn14\" href=\"#_ftnref14\"><sup>[14]<\/sup><\/a>Descalzo, Dami\u00e1n, \u201cAmelia Podetti: la fil\u00f3sofa peronista cuya obra ejerce influencia sobre el Papa Francisco\u201d, en: Revista Movimiento, Buenos Aires, Febrero 2019. <a href=\"https:\/\/www.revistamovimiento.com\/historia\/ameliapodetti-la-filosofa-peronista-cuya-obra-ejerce-influencia-sobre-el-papa-francisco\/\">https:\/\/www.revistamovimiento.com\/historia\/ameliapodetti-la-filosofa-peronista-cuya-obra-ejerce-influencia-sobre-el-papa-francisco\/<\/a> .<\/p>\n\n\n\n<p><a href=\"#_ftnref15\" id=\"_ftn15\"><sup>[15]<\/sup><\/a>Villalba, Mar\u00eda, \u201cPoner el centro en la periferia\u201d, en: Revista Viento Sur, Remedios de Escalada, Universidad Nacional de Lan\u00fas, 26 de marzo 2021: <a href=\"http:\/\/vientosur.unla.edu.ar\/index.php\/poner-el-centro-en-la-periferia\/\">http:\/\/vientosur.unla.edu.ar\/index.php\/poner-el-centro-en-la-periferia\/<\/a><\/p>\n\n\n\n<p><a id=\"_ftn16\" href=\"#_ftnref16\"><sup>[16]<\/sup><\/a>L\u00f3pez, Javier, \u201cLa Universidad como isla \u201cdemocr\u00e1tica\u201d y las c\u00e1tedras Nacionales, en: Revista Movimiento, Buenos Aires, Febrero 2022: <a href=\"https:\/\/www.revistamovimiento.com\/historia\/la-universidad-como-islademocratica-y-las-catedras-nacionales\/\">https:\/\/www.revistamovimiento.com\/historia\/la-universidad-como-islademocratica-y-las-catedras-nacionales\/<\/a><\/p>\n\n\n\n<p><a href=\"#_ftnref17\" id=\"_ftn17\"><sup>[17]<\/sup><\/a>Bonforti, Emmanuel, Di\u00e1logos entre Podetti y Argumedo, mujeres del pensamiento nacional y latinoamericano, Revista Movimiento,&nbsp; Buenos Aires, Febrero 2022, <a href=\"https:\/\/www.revistamovimiento.com\/historia\/dialogos-entre-podetti-y-argumedo-mujeres-delpensamientonacional-y-latinoamericano\/\">https:\/\/www.revistamovimiento.com\/historia\/dialogos-entre-podetti-y-argumedo-mujeres-delpensamientonacional-y-latinoamericano\/<\/a><\/p>\n\n\n\n<p><a href=\"#_ftnref18\" id=\"_ftn18\"><sup>[18]<\/sup><\/a>Denaday, Juan Pedro, Revista Nuevo Mundo, Par\u00eds, A\u00f1o, 2013 p. 1 \u2013 15, <a href=\"https:\/\/journals.openedition.org\/nuevomundo\/65663\">https:\/\/journals.openedition.org\/nuevomundo\/65663<\/a> .<\/p>\n\n\n\n<p><a href=\"#_ftnref19\" id=\"_ftn19\"><sup>[19]<\/sup><\/a>Alo\u00e9, V\u00edctor Dante, \u201cExcurso 71: Amelia Podetti o la forma de \u00absuperar\u00bb a Hegel, seg\u00fan San Agust\u00edn\u201d, en: <em>El peronismo original y las originalidades posperonistas<\/em>, Buenos Aires, Dunken, 2007.<\/p>\n\n\n\n<p><a href=\"#_ftnref20\" id=\"_ftn20\"><sup>[20]<\/sup><\/a>Di Vincenzo, Facundo, El Papa Francisco y Amelia Podetti. Un ejercicio de cruce sobre sus cr\u00edticas al relativismo cultural y al Pensamiento \u00danico (globalismo). Revista Contrafilo. Revista de la Especializaci\u00f3n en Pensamiento Nacional y Latinoamericano. Remedios de Escalada: Cooperativa Editorial UNLa. 2025 vol.2 n\u00b0. p26 \u2013 39; Amelia Podetti lectora de Darcy Ribeiro. El Desarrollismo interpelado. Revista Hechos e Ideas. Ciudad Aut\u00f3noma de Buenos Aires : Hechos e Ideas . 2022 vol.1 n\u00b08. p45 \u2013 52; R\u00e9plica al relativismo cultural. Un ejercicio de cruce entre las ideas de Amelia Podetti (1969) y del Papa Francisco (2020). Revista Viento Sur.Remedios de Escalada, Lan\u00fas, Provincia de Buenos Aires: EDUNLA cooperativa. 2025 vol.26 n\u00b026. p36 &#8211; 38<\/p>\n\n\n\n<p><a id=\"_ftn21\" href=\"#_ftnref21\"><sup>[21]<\/sup><\/a>Argumedo, Alcira. Los silencios y las voces en Am\u00e9rica Latina, Buenos Aires, Ediciones del Pensamiento Nacional, 1993, pp. 7-8.<\/p>\n\n\n\n<p><a href=\"#_ftnref22\" id=\"_ftn22\"><sup>[22]<\/sup><\/a>Ch\u00e1vez, Ferm\u00edn, <em>El Pensamiento Nacional. Breviario e itinerario<\/em>, Buenos Aires, Nueva Generaci\u00f3n, 1999, p. 10.<\/p>\n\n\n\n<p><a href=\"#_ftnref23\" id=\"_ftn23\"><sup>[23]<\/sup><\/a>Recalde, Aritz, <em>Intelectuales, Peronismo y Universidad, <\/em>Buenos Aires, Punto de Encuetro, 2016, p. 7.<\/p>\n","protected":false},"excerpt":{"rendered":"<p>El archivo de la pensadora nacional fue donado por la familia Podetti a nuestra Biblioteca I. Amelia Podetti y el mundo acad\u00e9mico occidental\u00a0 El escritor, poeta y ensayista, Leopoldo Marechal (Ciudad de Buenos Aires, 1900-1970) en su libro: Megaf\u00f3n o la Guerra (1970)[1] narra las aventuras de un joven, Megaf\u00f3n, que sufre por su Patria: [&hellip;]<\/p>\n","protected":false},"author":8,"featured_media":7895,"comment_status":"open","ping_status":"closed","sticky":true,"template":"","format":"standard","meta":{"_monsterinsights_skip_tracking":false,"_monsterinsights_sitenote_active":false,"_monsterinsights_sitenote_note":"","_monsterinsights_sitenote_category":0},"categories":[155,59],"tags":[],"coauthors":[140],"_links":{"self":[{"href":"https:\/\/vientosur.unla.edu.ar\/index.php\/wp-json\/wp\/v2\/posts\/7894"}],"collection":[{"href":"https:\/\/vientosur.unla.edu.ar\/index.php\/wp-json\/wp\/v2\/posts"}],"about":[{"href":"https:\/\/vientosur.unla.edu.ar\/index.php\/wp-json\/wp\/v2\/types\/post"}],"author":[{"embeddable":true,"href":"https:\/\/vientosur.unla.edu.ar\/index.php\/wp-json\/wp\/v2\/users\/8"}],"replies":[{"embeddable":true,"href":"https:\/\/vientosur.unla.edu.ar\/index.php\/wp-json\/wp\/v2\/comments?post=7894"}],"version-history":[{"count":2,"href":"https:\/\/vientosur.unla.edu.ar\/index.php\/wp-json\/wp\/v2\/posts\/7894\/revisions"}],"predecessor-version":[{"id":7900,"href":"https:\/\/vientosur.unla.edu.ar\/index.php\/wp-json\/wp\/v2\/posts\/7894\/revisions\/7900"}],"wp:featuredmedia":[{"embeddable":true,"href":"https:\/\/vientosur.unla.edu.ar\/index.php\/wp-json\/wp\/v2\/media\/7895"}],"wp:attachment":[{"href":"https:\/\/vientosur.unla.edu.ar\/index.php\/wp-json\/wp\/v2\/media?parent=7894"}],"wp:term":[{"taxonomy":"category","embeddable":true,"href":"https:\/\/vientosur.unla.edu.ar\/index.php\/wp-json\/wp\/v2\/categories?post=7894"},{"taxonomy":"post_tag","embeddable":true,"href":"https:\/\/vientosur.unla.edu.ar\/index.php\/wp-json\/wp\/v2\/tags?post=7894"},{"taxonomy":"author","embeddable":true,"href":"https:\/\/vientosur.unla.edu.ar\/index.php\/wp-json\/wp\/v2\/coauthors?post=7894"}],"curies":[{"name":"wp","href":"https:\/\/api.w.org\/{rel}","templated":true}]}}