{"id":7953,"date":"2026-04-20T10:11:17","date_gmt":"2026-04-20T13:11:17","guid":{"rendered":"https:\/\/vientosur.unla.edu.ar\/?p=7953"},"modified":"2026-04-20T10:11:34","modified_gmt":"2026-04-20T13:11:34","slug":"francisco-para-que-nada-de-este-mundo-nos-resulte-indiferente","status":"publish","type":"post","link":"https:\/\/vientosur.unla.edu.ar\/index.php\/francisco-para-que-nada-de-este-mundo-nos-resulte-indiferente\/","title":{"rendered":"Francisco, para que nada de este mundo nos resulte indiferente"},"content":{"rendered":"\n<p>Quiz\u00e1 no haya forma m\u00e1s ingrata de comenzar una semblanza que con una comparaci\u00f3n, pero tal vez valga la pena. Juan Pablo I, quien condujo a la Iglesia solo durante 33 d\u00edas en 1978 fue bautizado como \u201cel Papa de la Sonrisa\u201d. De Francisco, el argentino Jorge Mario Bergoglio, se han dicho muchas cosas y se lo ha calificado de mil maneras, aunque quiz\u00e1 la m\u00e1s justa pueda ser la de \u201cel Papa de los Abrazos\u201d. <\/p>\n\n\n\n<p><strong>La fe en Flores<\/strong><\/p>\n\n\n\n<p>No hay registro y solo tenemos su relato. Jorge hab\u00eda nacido en Flores en 1936, el barrio en el que creci\u00f3, estudi\u00f3 y jug\u00f3 al f\u00fatbol como lo hac\u00edan todos los chicos porte\u00f1os de aquellos a\u00f1os. Ten\u00eda casi 20 a\u00f1os el d\u00eda de septiembre en que fue <em>llamado<\/em>, como le dicen los cat\u00f3licos a la experiencia \u2014personal, \u00edntima\u2014 en la que se convencen de dedicar su vida a la vocaci\u00f3n religiosa. <\/p>\n\n\n\n<p>\u201cSent\u00ed que ten\u00eda que entrar a la Iglesia de San Jos\u00e9 de Flores. Hab\u00eda un cura confesando y sent\u00ed como que alguien me agarraba y me llevaba\u201d, cont\u00f3 Francisco. Luego fue al seminario, fue sacerdote y m\u00e1s tarde ocup\u00f3 diversos cargos dentro de la Compa\u00f1\u00eda de Jes\u00fas. Fue obispo, cardenal y Papa. Pero toda esa carrera no tiene otro comienzo que ese sentirse agarrado y, tal vez, abrazado.<\/p>\n\n\n\n<h3><a><\/a><strong>P<\/strong><strong>oner el cuerpo<\/strong><strong><\/strong><\/h3>\n\n\n\n<p>Los memoriosos recuerdan los art\u00edculos period\u00edsticos propalados al d\u00eda siguiente de su elecci\u00f3n como Papa, en los que se lo acusaba de haber entregado a sacerdotes de su orden a las garras de la represi\u00f3n. Las investigaciones posteriores no solo deslindaron su responsabilidad en esos casos, sino que se\u00f1alaron a las publicaciones como parte de una conspiraci\u00f3n de los sectores conservadores de la Iglesia para desacreditarlo. <\/p>\n\n\n\n<p>En cambio, se acumularon testimonios sobre intervenciones suyas que salvaron vidas. En tiempo como los actuales, de negacionismo creciente, se pueden recordar sus palabras: \u201cEn Argentina fueron m\u00e1s de 30 mil. Siempre defend\u00ed el derecho a la verdad sobre lo que pasa, el derecho a una sepultura digna, el derecho a encontrar los cad\u00e1veres. En Argentina se sigue haciendo. Es un derecho, no solo de la familia, sino de la sociedad. La sociedad no puede sonre\u00edr al futuro teniendo a sus muertos escondidos. Nunca vas a tener paz con un muerto escondido\u201d. <\/p>\n\n\n\n<h3><a><\/a><strong>A<\/strong><strong>mbiente y fraternidad contra el modelo del descarte<\/strong><strong><\/strong><\/h3>\n\n\n\n<p>\u201cNada de este mundo nos resulta indiferente\u201d, escribi\u00f3 en su primera enc\u00edclica, <em>Laudato si\u2019<\/em>, casi anticipando la impronta de su ministerio. Ese documento, que habla de la tierra como una \u201cmadre bella\u201d, fue innovador al sacar de un silencio eclesial milenario \u2014que se extendi\u00f3 casi ininterrumpidamente desde San Francisco de As\u00eds hasta el siglo XXI\u2014 al necesario \u201ccuidado de la Casa Com\u00fan\u201d. <\/p>\n\n\n\n<p>Fue el impulsor de agendas silenciadas. Por ejemplo, se reuni\u00f3 con los pueblos originarios de Am\u00e9rica del Sur y reiter\u00f3 aquello que ya hab\u00eda suscrito en el documento de Aparecida, cuando era cardenal: denunci\u00f3 sin matices a quienes atentan contra sus formas de vida. Tambi\u00e9n fue a Lampedusa, la isla italiana a la que llegan los hombres y mujeres africanos que arriesgan su vida para buscar una vida mejor en Europa, pero que muchas veces la pierden en el tr\u00e1nsito del Mediterr\u00e1neo. Visit\u00f3 el Muro de los Lamentos, pero rez\u00f3 ante el muro que segrega a los palestinos. En ese viaje a Israel, se abraz\u00f3 a dos amigos: un religioso musulm\u00e1n y un rabino.<\/p>\n\n\n\n<figure class=\"wp-block-image size-large\"><img loading=\"lazy\" width=\"1024\" height=\"576\" src=\"https:\/\/vientosur.unla.edu.ar\/wp-content\/uploads\/2026\/04\/papa-muro-1024x576.jpg\" alt=\"\" class=\"wp-image-7955\" srcset=\"https:\/\/vientosur.unla.edu.ar\/wp-content\/uploads\/2026\/04\/papa-muro-1024x576.jpg 1024w, https:\/\/vientosur.unla.edu.ar\/wp-content\/uploads\/2026\/04\/papa-muro-300x169.jpg 300w, https:\/\/vientosur.unla.edu.ar\/wp-content\/uploads\/2026\/04\/papa-muro-768x432.jpg 768w, https:\/\/vientosur.unla.edu.ar\/wp-content\/uploads\/2026\/04\/papa-muro.jpg 1280w\" sizes=\"(max-width: 1024px) 100vw, 1024px\" \/><\/figure>\n\n\n\n<h3><a><\/a><strong>E<\/strong><strong>l hu<\/strong><strong>\u00e9<\/strong><strong>rfano<\/strong><strong><\/strong><\/h3>\n\n\n\n<p>Era un d\u00eda m\u00e1s. Francisco dar\u00eda una charla para nenes que se preparaban para la primera comuni\u00f3n, un hito importante para quienes profesan la fe cat\u00f3lica, y todo estaba preparado para una ronda de preguntas y respuestas. Sin m\u00e1s de diez a\u00f1os, un chico se acerca al micr\u00f3fono pero, en vez de hablar, rompe a llorar. El Papa lo abraza, lo contiene, lo escucha en privado, como lo har\u00eda un abuelo. Luego de pedirle permiso, cuenta esa charla \u00edntima: ese peque\u00f1o hab\u00eda tenido un padre ateo que, antes de morir, le hab\u00eda pedido que fuera a catequesis. El chico ten\u00eda miedo de que su padre estuviera en el infierno; Francisco lo consuela diciendo que su padre era una persona justa, que Dios no abandona a sus hijos cuando son buenos, y concluye: \u201cDios seguramente est\u00e1 orgulloso de tu pap\u00e1\u201d. <\/p>\n\n\n\n<p>Por esos d\u00edas, el cardenal alem\u00e1n Gerhard M\u00fcller dijo que Francisco hab\u00eda \u201cgenerado confusi\u00f3n\u201d con ese gesto y que le tendr\u00eda que haber dicho a ese nene que lloraba \u201cque no se pod\u00eda saber si su padre estar\u00eda o no en el cielo\u201d. <\/p>\n\n\n\n<p>La escena y la respuesta son una pintura de la Iglesia en la que Francisco se mov\u00eda: una instituci\u00f3n en la que hasta los chicos lloran con temor al infierno, en la que los cardenales prescinden del amor y del abrazo. Eso tambi\u00e9n fue sacudido hasta los cimientos por el jesuita.<\/p>\n\n\n\n<figure class=\"wp-block-embed is-type-video is-provider-youtube wp-block-embed-youtube wp-embed-aspect-16-9 wp-has-aspect-ratio\"><div class=\"wp-block-embed__wrapper\">\n<iframe loading=\"lazy\" title=\"Mi padre que era ateo, \u00bfest\u00e1 en el cielo? Ni\u00f1o hace esta pregunta al Papa.\" width=\"750\" height=\"422\" src=\"https:\/\/www.youtube.com\/embed\/P2aXJCo6vow?feature=oembed\" frameborder=\"0\" allow=\"accelerometer; autoplay; clipboard-write; encrypted-media; gyroscope; picture-in-picture; web-share\" referrerpolicy=\"strict-origin-when-cross-origin\" allowfullscreen><\/iframe>\n<\/div><\/figure>\n\n\n\n<p><strong>Sociales<\/strong><strong><\/strong><\/p>\n\n\n\n<p>En algunos \u00e1mbitos hist\u00f3ricamente anticlericales, las fotos de los Papas solo entran para ser acompa\u00f1adas de frases como \u201cla \u00fanica Iglesia que ilumina es la que arde\u201d. Pero un buen d\u00eda, cerca del final, su imagen apareci\u00f3 sonriente entre las mesas de militancia estudiantil en la Facultad de Ciencias Sociales de la UBA. No se trataba de un homenaje institucional, sino del reconocimiento de los j\u00f3venes que \u2014a\u00fan sin creer o creyendo en otras revoluciones\u2014 no pod\u00edan dejar de sentir que se estaba yendo alguien que luchaba contra la desigualdad, que hab\u00eda caminado en el barro de las villas porte\u00f1as. All\u00ed estuvo muchos meses Francisco convirti\u00e9ndose tambi\u00e9n en un \u00edcono de las resistencias del tercer mundo.<\/p>\n\n\n\n<h3><a><\/a><strong>H<\/strong><strong>asta luego<\/strong><strong><\/strong><\/h3>\n\n\n\n<p>Lo hab\u00edan internado y reapareci\u00f3 un par de veces: en una, casi sin voz, para agradecerles a los m\u00e9dicos; en la otra, en silla de ruedas, en poncho y camiseta. Deleg\u00f3 misas y tuvo un \u00faltimo ba\u00f1o de multitudes en San Pedro, el domingo de Pascua. Le quedaban pocas horas en este mundo; como dicen los cat\u00f3licos, estaba preparando su viaje \u201ca la casa del Padre\u201d. Pero as\u00ed, fr\u00e1gil y agotado, quiso saludar a su pueblo, al que doce a\u00f1os antes hab\u00eda sorprendido desde el balc\u00f3n pidiendo que lo bendijeran en silencio. <\/p>\n\n\n\n<p>Sus \u00faltimas palabras no fueron memorables: pidi\u00f3 perd\u00f3n por las molestias que ocasionaba a sus asistentes. Tampoco las necesitaba: dejaba atr\u00e1s un legado del que a\u00fan no tenemos perspectiva, pero del que nos quedan sus abrazos.<\/p>\n\n\n\n<figure class=\"wp-block-image size-large\"><img loading=\"lazy\" width=\"1024\" height=\"683\" src=\"https:\/\/vientosur.unla.edu.ar\/wp-content\/uploads\/2026\/04\/papa-en-silla-de-ruedas-1024x683.jpg\" alt=\"\" class=\"wp-image-7956\" srcset=\"https:\/\/vientosur.unla.edu.ar\/wp-content\/uploads\/2026\/04\/papa-en-silla-de-ruedas-1024x683.jpg 1024w, https:\/\/vientosur.unla.edu.ar\/wp-content\/uploads\/2026\/04\/papa-en-silla-de-ruedas-300x200.jpg 300w, https:\/\/vientosur.unla.edu.ar\/wp-content\/uploads\/2026\/04\/papa-en-silla-de-ruedas-768x512.jpg 768w, https:\/\/vientosur.unla.edu.ar\/wp-content\/uploads\/2026\/04\/papa-en-silla-de-ruedas-360x240.jpg 360w, https:\/\/vientosur.unla.edu.ar\/wp-content\/uploads\/2026\/04\/papa-en-silla-de-ruedas-600x400.jpg 600w, https:\/\/vientosur.unla.edu.ar\/wp-content\/uploads\/2026\/04\/papa-en-silla-de-ruedas.jpg 1200w\" sizes=\"(max-width: 1024px) 100vw, 1024px\" \/><\/figure>\n\n\n\n<p><\/p>\n","protected":false},"excerpt":{"rendered":"<p>Quiz\u00e1 no haya forma m\u00e1s ingrata de comenzar una semblanza que con una comparaci\u00f3n, pero tal vez valga la pena. Juan Pablo I, quien condujo a la Iglesia solo durante 33 d\u00edas en 1978 fue bautizado como \u201cel Papa de la Sonrisa\u201d. De Francisco, el argentino Jorge Mario Bergoglio, se han dicho muchas cosas y [&hellip;]<\/p>\n","protected":false},"author":8,"featured_media":7958,"comment_status":"open","ping_status":"closed","sticky":false,"template":"","format":"standard","meta":{"_monsterinsights_skip_tracking":false,"_monsterinsights_sitenote_active":false,"_monsterinsights_sitenote_note":"","_monsterinsights_sitenote_category":0},"categories":[155,789],"tags":[],"coauthors":[765],"_links":{"self":[{"href":"https:\/\/vientosur.unla.edu.ar\/index.php\/wp-json\/wp\/v2\/posts\/7953"}],"collection":[{"href":"https:\/\/vientosur.unla.edu.ar\/index.php\/wp-json\/wp\/v2\/posts"}],"about":[{"href":"https:\/\/vientosur.unla.edu.ar\/index.php\/wp-json\/wp\/v2\/types\/post"}],"author":[{"embeddable":true,"href":"https:\/\/vientosur.unla.edu.ar\/index.php\/wp-json\/wp\/v2\/users\/8"}],"replies":[{"embeddable":true,"href":"https:\/\/vientosur.unla.edu.ar\/index.php\/wp-json\/wp\/v2\/comments?post=7953"}],"version-history":[{"count":1,"href":"https:\/\/vientosur.unla.edu.ar\/index.php\/wp-json\/wp\/v2\/posts\/7953\/revisions"}],"predecessor-version":[{"id":7959,"href":"https:\/\/vientosur.unla.edu.ar\/index.php\/wp-json\/wp\/v2\/posts\/7953\/revisions\/7959"}],"wp:featuredmedia":[{"embeddable":true,"href":"https:\/\/vientosur.unla.edu.ar\/index.php\/wp-json\/wp\/v2\/media\/7958"}],"wp:attachment":[{"href":"https:\/\/vientosur.unla.edu.ar\/index.php\/wp-json\/wp\/v2\/media?parent=7953"}],"wp:term":[{"taxonomy":"category","embeddable":true,"href":"https:\/\/vientosur.unla.edu.ar\/index.php\/wp-json\/wp\/v2\/categories?post=7953"},{"taxonomy":"post_tag","embeddable":true,"href":"https:\/\/vientosur.unla.edu.ar\/index.php\/wp-json\/wp\/v2\/tags?post=7953"},{"taxonomy":"author","embeddable":true,"href":"https:\/\/vientosur.unla.edu.ar\/index.php\/wp-json\/wp\/v2\/coauthors?post=7953"}],"curies":[{"name":"wp","href":"https:\/\/api.w.org\/{rel}","templated":true}]}}