{"id":818,"date":"2017-10-05T23:43:32","date_gmt":"2017-10-06T02:43:32","guid":{"rendered":"http:\/\/vientosur.unla.edu.ar\/?p=818"},"modified":"2017-10-06T15:20:45","modified_gmt":"2017-10-06T18:20:45","slug":"a-40-anos-de-lucha","status":"publish","type":"post","link":"https:\/\/vientosur.unla.edu.ar\/index.php\/a-40-anos-de-lucha\/","title":{"rendered":"A 40 a\u00f1os de lucha"},"content":{"rendered":"<p>El 28 de septiembre la rectora de la UNLa, Ana Jaramillo, se acerc\u00f3 a la ronda de los jueves de Madres de Plaza de Mayo acompa\u00f1ada por el maestro Miguel \u00c1ngel Estrella, doctor Honoris Causa de nuestra universidad. Despu\u00e9s de que Madres y acompa\u00f1antes dieran sus acostumbradas vueltas a la pir\u00e1mide de Mayo, y de las palabras de la presidenta Hebe de Bonafini y del intendente de Berazategui Juan Patricio Mussi, la Dra. Jaramillo les entreg\u00f3 a las Madres el regalo con que la Universidad Nacional de Lan\u00fas homenajea sus 40 a\u00f1os de lucha.<\/p>\n<p>Era una caja de madera conteniendo una reproducci\u00f3n del mural \u201cMadres y Abuelas de Plaza de Mayo\u201d del artista uruguayo Jorge Errandonea, el cual durante siete a\u00f1os, desde 1976 a 1983, encabez\u00f3 las marchas de la resistencia a la dictadura c\u00edvico-militar frente de la Embajada Argentina en Par\u00eds. All\u00ed, replicando las rondas argentinas de los jueves, se reun\u00edan exiliados argentinos y de toda Am\u00e9rica Latina junto con artistas, pol\u00edticos, escritores y amigos franceses, para reclamar por la aparici\u00f3n con vida de los compa\u00f1eros y compa\u00f1eras v\u00edctimas del terrorismo de Estado.<\/p>\n<p>La caja tambi\u00e9n conten\u00eda fotos de aquellas rondas, donde se puede ver a Fran\u00e7ois\u00a0Mitterrand antes de convertirse en presidente de Francia, a Simone Signoret, a Yves Montand y al maestro Estrella, para entonces tambi\u00e9n exiliado en Par\u00eds. \u201cEl que ven\u00eda todos los jueves era Cort\u00e1zar\u201d, les cont\u00f3 Miguel \u00c1ngel Estrella a las Madres y al p\u00fablico. Formaba parte del reclamo tocar el timbre de la Embajada argentina en Par\u00eds y pedir por el embajador, quien \u201cnunca estaba\u201d.<\/p>\n","protected":false},"excerpt":{"rendered":"<p>El 28 de septiembre la rectora de la UNLa, Ana Jaramillo, se acerc\u00f3 a la ronda de los jueves de Madres de Plaza de Mayo acompa\u00f1ada por el maestro Miguel \u00c1ngel Estrella, doctor Honoris Causa de nuestra universidad. Despu\u00e9s de que Madres y acompa\u00f1antes dieran sus acostumbradas vueltas a la pir\u00e1mide de Mayo, y de [&hellip;]<\/p>\n","protected":false},"author":3,"featured_media":819,"comment_status":"open","ping_status":"open","sticky":false,"template":"","format":"standard","meta":{"_monsterinsights_skip_tracking":false,"footnotes":""},"categories":[77],"tags":[123],"coauthors":[29],"class_list":["post-818","post","type-post","status-publish","format-standard","has-post-thumbnail","category-numero-16","tag-madres-de-plaza-de-mayo"],"yoast_head":"<!-- This site is optimized with the Yoast SEO plugin v28.2 - https:\/\/yoast.com\/product\/yoast-seo-wordpress\/ -->\n<title>A 40 a\u00f1os de lucha - Viento Sur<\/title>\n<meta name=\"robots\" content=\"index, follow, max-snippet:-1, max-image-preview:large, max-video-preview:-1\" \/>\n<link rel=\"canonical\" href=\"https:\/\/vientosur.unla.edu.ar\/index.php\/a-40-anos-de-lucha\/\" \/>\n<meta property=\"og:locale\" content=\"es_ES\" \/>\n<meta property=\"og:type\" content=\"article\" \/>\n<meta property=\"og:title\" content=\"A 40 a\u00f1os de lucha - Viento Sur\" \/>\n<meta property=\"og:description\" content=\"El 28 de septiembre la rectora de la UNLa, Ana Jaramillo, se acerc\u00f3 a la ronda de los jueves de Madres de Plaza de Mayo acompa\u00f1ada por el maestro Miguel \u00c1ngel Estrella, doctor Honoris Causa de nuestra universidad. Despu\u00e9s de que Madres y acompa\u00f1antes dieran sus acostumbradas vueltas a la pir\u00e1mide de Mayo, y de [&hellip;]\" \/>\n<meta property=\"og:url\" content=\"https:\/\/vientosur.unla.edu.ar\/index.php\/a-40-anos-de-lucha\/\" \/>\n<meta property=\"og:site_name\" content=\"Viento Sur\" \/>\n<meta property=\"article:published_time\" content=\"2017-10-06T02:43:32+00:00\" \/>\n<meta property=\"article:modified_time\" content=\"2017-10-06T18:20:45+00:00\" \/>\n<meta property=\"og:image\" content=\"https:\/\/vientosur.unla.edu.ar\/wp-content\/uploads\/2017\/10\/vlcsnap-2017-09-28-22h42m59s343-1024x576.png\" \/>\n\t<meta property=\"og:image:width\" content=\"1024\" \/>\n\t<meta property=\"og:image:height\" content=\"576\" \/>\n\t<meta property=\"og:image:type\" content=\"image\/png\" \/>\n<meta name=\"author\" content=\"Viento Sur\" \/>\n<meta name=\"twitter:card\" content=\"summary_large_image\" \/>\n<meta name=\"twitter:label1\" content=\"Escrito por\" \/>\n\t<meta name=\"twitter:data1\" content=\"Viento Sur\" \/>\n\t<meta name=\"twitter:label2\" content=\"Tiempo de lectura\" \/>\n\t<meta name=\"twitter:data2\" content=\"1 minuto\" \/>\n\t<meta name=\"twitter:label3\" content=\"Written by\" \/>\n\t<meta name=\"twitter:data3\" content=\"Viento Sur\" \/>\n<script type=\"application\/ld+json\" class=\"yoast-schema-graph\">{\"@context\":\"https:\\\/\\\/schema.org\",\"@graph\":[{\"@type\":\"Article\",\"@id\":\"https:\\\/\\\/vientosur.unla.edu.ar\\\/index.php\\\/a-40-anos-de-lucha\\\/#article\",\"isPartOf\":{\"@id\":\"https:\\\/\\\/vientosur.unla.edu.ar\\\/index.php\\\/a-40-anos-de-lucha\\\/\"},\"author\":{\"name\":\"Viento Sur\",\"@id\":\"https:\\\/\\\/vientosur.unla.edu.ar\\\/#\\\/schema\\\/person\\\/ac10c9665e7a647683017bc331817e5a\"},\"headline\":\"A 40 a\u00f1os de lucha\",\"datePublished\":\"2017-10-06T02:43:32+00:00\",\"dateModified\":\"2017-10-06T18:20:45+00:00\",\"mainEntityOfPage\":{\"@id\":\"https:\\\/\\\/vientosur.unla.edu.ar\\\/index.php\\\/a-40-anos-de-lucha\\\/\"},\"wordCount\":289,\"commentCount\":0,\"image\":{\"@id\":\"https:\\\/\\\/vientosur.unla.edu.ar\\\/index.php\\\/a-40-anos-de-lucha\\\/#primaryimage\"},\"thumbnailUrl\":\"https:\\\/\\\/vientosur.unla.edu.ar\\\/wp-content\\\/uploads\\\/2017\\\/10\\\/vlcsnap-2017-09-28-22h42m59s343.png\",\"keywords\":[\"Madres de Plaza de Mayo\"],\"articleSection\":[\"N\u00famero 16\"],\"inLanguage\":\"es\",\"potentialAction\":[{\"@type\":\"CommentAction\",\"name\":\"Comment\",\"target\":[\"https:\\\/\\\/vientosur.unla.edu.ar\\\/index.php\\\/a-40-anos-de-lucha\\\/#respond\"]}]},{\"@type\":\"WebPage\",\"@id\":\"https:\\\/\\\/vientosur.unla.edu.ar\\\/index.php\\\/a-40-anos-de-lucha\\\/\",\"url\":\"https:\\\/\\\/vientosur.unla.edu.ar\\\/index.php\\\/a-40-anos-de-lucha\\\/\",\"name\":\"A 40 a\u00f1os de lucha - Viento Sur\",\"isPartOf\":{\"@id\":\"https:\\\/\\\/vientosur.unla.edu.ar\\\/#website\"},\"primaryImageOfPage\":{\"@id\":\"https:\\\/\\\/vientosur.unla.edu.ar\\\/index.php\\\/a-40-anos-de-lucha\\\/#primaryimage\"},\"image\":{\"@id\":\"https:\\\/\\\/vientosur.unla.edu.ar\\\/index.php\\\/a-40-anos-de-lucha\\\/#primaryimage\"},\"thumbnailUrl\":\"https:\\\/\\\/vientosur.unla.edu.ar\\\/wp-content\\\/uploads\\\/2017\\\/10\\\/vlcsnap-2017-09-28-22h42m59s343.png\",\"datePublished\":\"2017-10-06T02:43:32+00:00\",\"dateModified\":\"2017-10-06T18:20:45+00:00\",\"author\":{\"@id\":\"https:\\\/\\\/vientosur.unla.edu.ar\\\/#\\\/schema\\\/person\\\/ac10c9665e7a647683017bc331817e5a\"},\"breadcrumb\":{\"@id\":\"https:\\\/\\\/vientosur.unla.edu.ar\\\/index.php\\\/a-40-anos-de-lucha\\\/#breadcrumb\"},\"inLanguage\":\"es\",\"potentialAction\":[{\"@type\":\"ReadAction\",\"target\":[\"https:\\\/\\\/vientosur.unla.edu.ar\\\/index.php\\\/a-40-anos-de-lucha\\\/\"]}]},{\"@type\":\"ImageObject\",\"inLanguage\":\"es\",\"@id\":\"https:\\\/\\\/vientosur.unla.edu.ar\\\/index.php\\\/a-40-anos-de-lucha\\\/#primaryimage\",\"url\":\"https:\\\/\\\/vientosur.unla.edu.ar\\\/wp-content\\\/uploads\\\/2017\\\/10\\\/vlcsnap-2017-09-28-22h42m59s343.png\",\"contentUrl\":\"https:\\\/\\\/vientosur.unla.edu.ar\\\/wp-content\\\/uploads\\\/2017\\\/10\\\/vlcsnap-2017-09-28-22h42m59s343.png\",\"width\":1920,\"height\":1080},{\"@type\":\"BreadcrumbList\",\"@id\":\"https:\\\/\\\/vientosur.unla.edu.ar\\\/index.php\\\/a-40-anos-de-lucha\\\/#breadcrumb\",\"itemListElement\":[{\"@type\":\"ListItem\",\"position\":1,\"name\":\"Portada\",\"item\":\"https:\\\/\\\/vientosur.unla.edu.ar\\\/\"},{\"@type\":\"ListItem\",\"position\":2,\"name\":\"A 40 a\u00f1os de lucha\"}]},{\"@type\":\"WebSite\",\"@id\":\"https:\\\/\\\/vientosur.unla.edu.ar\\\/#website\",\"url\":\"https:\\\/\\\/vientosur.unla.edu.ar\\\/\",\"name\":\"Viento Sur\",\"description\":\"Revista institucional de la Universidad Nacional de Lan\u00fas\",\"potentialAction\":[{\"@type\":\"SearchAction\",\"target\":{\"@type\":\"EntryPoint\",\"urlTemplate\":\"https:\\\/\\\/vientosur.unla.edu.ar\\\/?s={search_term_string}\"},\"query-input\":{\"@type\":\"PropertyValueSpecification\",\"valueRequired\":true,\"valueName\":\"search_term_string\"}}],\"inLanguage\":\"es\"},{\"@type\":\"Person\",\"@id\":\"https:\\\/\\\/vientosur.unla.edu.ar\\\/#\\\/schema\\\/person\\\/ac10c9665e7a647683017bc331817e5a\",\"name\":\"Viento Sur\",\"description\":\"Revista institucional de la Universidad Nacional de Lan\u00fas.\",\"sameAs\":[\"http:\\\/\\\/vientosur.unla.edu.ar\"],\"url\":\"https:\\\/\\\/vientosur.unla.edu.ar\\\/index.php\\\/author\\\/viento-sur\\\/\"}]}<\/script>\n<!-- \/ Yoast SEO plugin. -->","yoast_head_json":{"title":"A 40 a\u00f1os de lucha - Viento Sur","robots":{"index":"index","follow":"follow","max-snippet":"max-snippet:-1","max-image-preview":"max-image-preview:large","max-video-preview":"max-video-preview:-1"},"canonical":"https:\/\/vientosur.unla.edu.ar\/index.php\/a-40-anos-de-lucha\/","og_locale":"es_ES","og_type":"article","og_title":"A 40 a\u00f1os de lucha - Viento Sur","og_description":"El 28 de septiembre la rectora de la UNLa, Ana Jaramillo, se acerc\u00f3 a la ronda de los jueves de Madres de Plaza de Mayo acompa\u00f1ada por el maestro Miguel \u00c1ngel Estrella, doctor Honoris Causa de nuestra universidad. Despu\u00e9s de que Madres y acompa\u00f1antes dieran sus acostumbradas vueltas a la pir\u00e1mide de Mayo, y de [&hellip;]","og_url":"https:\/\/vientosur.unla.edu.ar\/index.php\/a-40-anos-de-lucha\/","og_site_name":"Viento Sur","article_published_time":"2017-10-06T02:43:32+00:00","article_modified_time":"2017-10-06T18:20:45+00:00","og_image":[{"width":1024,"height":576,"url":"https:\/\/vientosur.unla.edu.ar\/wp-content\/uploads\/2017\/10\/vlcsnap-2017-09-28-22h42m59s343-1024x576.png","type":"image\/png"}],"author":"Viento Sur","twitter_card":"summary_large_image","twitter_misc":{"Escrito por":"Viento Sur","Tiempo de lectura":"1 minuto","Written by":"Viento Sur"},"schema":{"@context":"https:\/\/schema.org","@graph":[{"@type":"Article","@id":"https:\/\/vientosur.unla.edu.ar\/index.php\/a-40-anos-de-lucha\/#article","isPartOf":{"@id":"https:\/\/vientosur.unla.edu.ar\/index.php\/a-40-anos-de-lucha\/"},"author":{"name":"Viento Sur","@id":"https:\/\/vientosur.unla.edu.ar\/#\/schema\/person\/ac10c9665e7a647683017bc331817e5a"},"headline":"A 40 a\u00f1os de lucha","datePublished":"2017-10-06T02:43:32+00:00","dateModified":"2017-10-06T18:20:45+00:00","mainEntityOfPage":{"@id":"https:\/\/vientosur.unla.edu.ar\/index.php\/a-40-anos-de-lucha\/"},"wordCount":289,"commentCount":0,"image":{"@id":"https:\/\/vientosur.unla.edu.ar\/index.php\/a-40-anos-de-lucha\/#primaryimage"},"thumbnailUrl":"https:\/\/vientosur.unla.edu.ar\/wp-content\/uploads\/2017\/10\/vlcsnap-2017-09-28-22h42m59s343.png","keywords":["Madres de Plaza de Mayo"],"articleSection":["N\u00famero 16"],"inLanguage":"es","potentialAction":[{"@type":"CommentAction","name":"Comment","target":["https:\/\/vientosur.unla.edu.ar\/index.php\/a-40-anos-de-lucha\/#respond"]}]},{"@type":"WebPage","@id":"https:\/\/vientosur.unla.edu.ar\/index.php\/a-40-anos-de-lucha\/","url":"https:\/\/vientosur.unla.edu.ar\/index.php\/a-40-anos-de-lucha\/","name":"A 40 a\u00f1os de lucha - Viento Sur","isPartOf":{"@id":"https:\/\/vientosur.unla.edu.ar\/#website"},"primaryImageOfPage":{"@id":"https:\/\/vientosur.unla.edu.ar\/index.php\/a-40-anos-de-lucha\/#primaryimage"},"image":{"@id":"https:\/\/vientosur.unla.edu.ar\/index.php\/a-40-anos-de-lucha\/#primaryimage"},"thumbnailUrl":"https:\/\/vientosur.unla.edu.ar\/wp-content\/uploads\/2017\/10\/vlcsnap-2017-09-28-22h42m59s343.png","datePublished":"2017-10-06T02:43:32+00:00","dateModified":"2017-10-06T18:20:45+00:00","author":{"@id":"https:\/\/vientosur.unla.edu.ar\/#\/schema\/person\/ac10c9665e7a647683017bc331817e5a"},"breadcrumb":{"@id":"https:\/\/vientosur.unla.edu.ar\/index.php\/a-40-anos-de-lucha\/#breadcrumb"},"inLanguage":"es","potentialAction":[{"@type":"ReadAction","target":["https:\/\/vientosur.unla.edu.ar\/index.php\/a-40-anos-de-lucha\/"]}]},{"@type":"ImageObject","inLanguage":"es","@id":"https:\/\/vientosur.unla.edu.ar\/index.php\/a-40-anos-de-lucha\/#primaryimage","url":"https:\/\/vientosur.unla.edu.ar\/wp-content\/uploads\/2017\/10\/vlcsnap-2017-09-28-22h42m59s343.png","contentUrl":"https:\/\/vientosur.unla.edu.ar\/wp-content\/uploads\/2017\/10\/vlcsnap-2017-09-28-22h42m59s343.png","width":1920,"height":1080},{"@type":"BreadcrumbList","@id":"https:\/\/vientosur.unla.edu.ar\/index.php\/a-40-anos-de-lucha\/#breadcrumb","itemListElement":[{"@type":"ListItem","position":1,"name":"Portada","item":"https:\/\/vientosur.unla.edu.ar\/"},{"@type":"ListItem","position":2,"name":"A 40 a\u00f1os de lucha"}]},{"@type":"WebSite","@id":"https:\/\/vientosur.unla.edu.ar\/#website","url":"https:\/\/vientosur.unla.edu.ar\/","name":"Viento Sur","description":"Revista institucional de la Universidad Nacional de Lan\u00fas","potentialAction":[{"@type":"SearchAction","target":{"@type":"EntryPoint","urlTemplate":"https:\/\/vientosur.unla.edu.ar\/?s={search_term_string}"},"query-input":{"@type":"PropertyValueSpecification","valueRequired":true,"valueName":"search_term_string"}}],"inLanguage":"es"},{"@type":"Person","@id":"https:\/\/vientosur.unla.edu.ar\/#\/schema\/person\/ac10c9665e7a647683017bc331817e5a","name":"Viento Sur","description":"Revista institucional de la Universidad Nacional de Lan\u00fas.","sameAs":["http:\/\/vientosur.unla.edu.ar"],"url":"https:\/\/vientosur.unla.edu.ar\/index.php\/author\/viento-sur\/"}]}},"_links":{"self":[{"href":"https:\/\/vientosur.unla.edu.ar\/index.php\/wp-json\/wp\/v2\/posts\/818","targetHints":{"allow":["GET"]}}],"collection":[{"href":"https:\/\/vientosur.unla.edu.ar\/index.php\/wp-json\/wp\/v2\/posts"}],"about":[{"href":"https:\/\/vientosur.unla.edu.ar\/index.php\/wp-json\/wp\/v2\/types\/post"}],"author":[{"embeddable":true,"href":"https:\/\/vientosur.unla.edu.ar\/index.php\/wp-json\/wp\/v2\/users\/3"}],"replies":[{"embeddable":true,"href":"https:\/\/vientosur.unla.edu.ar\/index.php\/wp-json\/wp\/v2\/comments?post=818"}],"version-history":[{"count":1,"href":"https:\/\/vientosur.unla.edu.ar\/index.php\/wp-json\/wp\/v2\/posts\/818\/revisions"}],"predecessor-version":[{"id":820,"href":"https:\/\/vientosur.unla.edu.ar\/index.php\/wp-json\/wp\/v2\/posts\/818\/revisions\/820"}],"wp:featuredmedia":[{"embeddable":true,"href":"https:\/\/vientosur.unla.edu.ar\/index.php\/wp-json\/wp\/v2\/media\/819"}],"wp:attachment":[{"href":"https:\/\/vientosur.unla.edu.ar\/index.php\/wp-json\/wp\/v2\/media?parent=818"}],"wp:term":[{"taxonomy":"category","embeddable":true,"href":"https:\/\/vientosur.unla.edu.ar\/index.php\/wp-json\/wp\/v2\/categories?post=818"},{"taxonomy":"post_tag","embeddable":true,"href":"https:\/\/vientosur.unla.edu.ar\/index.php\/wp-json\/wp\/v2\/tags?post=818"},{"taxonomy":"author","embeddable":true,"href":"https:\/\/vientosur.unla.edu.ar\/index.php\/wp-json\/wp\/v2\/coauthors?post=818"}],"curies":[{"name":"wp","href":"https:\/\/api.w.org\/{rel}","templated":true}]}}